{"id":2470,"date":"2024-07-08T18:34:47","date_gmt":"2024-07-08T21:34:47","guid":{"rendered":"https:\/\/emisoracolon.com.ar\/?p=2470"},"modified":"2024-07-08T18:34:47","modified_gmt":"2024-07-08T21:34:47","slug":"feria-distrital-de-educacion","status":"publish","type":"post","link":"https:\/\/emisoracolon.com.ar\/index.php\/2024\/07\/08\/feria-distrital-de-educacion\/","title":{"rendered":"Feria distrital de educaci\u00f3n"},"content":{"rendered":"\n<p>Autoridades municipales se sumaron al acontecimiento visitando la Feria Distrital de Educaci\u00f3n, Arte, Ciencias y Tecnolog\u00eda que se desarrolla en la Escuela de Educaci\u00f3n T\u00e9cnica N\u00b0 1.<\/p>\n\n\n\n<p>Se trata de un espacio educativo que nace en el aula y se prolonga a trav\u00e9s del ciclo lectivo. La totalidad del curr\u00edculo escolar puede ser trabajado en el marco de proyectos feriales elaborados por todo el grupo de estudiantes que compone la clase junto con sus docentes a cargo. El objetivo es estimular actitudes, valores y vocaciones entre todos sus participantes.<\/p>\n","protected":false},"excerpt":{"rendered":"<p>Autoridades municipales se sumaron al acontecimiento visitando la Feria Distrital de Educaci\u00f3n, Arte, Ciencias y Tecnolog\u00eda que se desarrolla en la Escuela de Educaci\u00f3n T\u00e9cnica N\u00b0 1. Se trata de un espacio&#8230;<\/p>\n","protected":false},"author":1,"featured_media":2471,"comment_status":"open","ping_status":"open","sticky":false,"template":"","format":"standard","meta":{"footnotes":""},"categories":[7,3],"tags":[],"class_list":["post-2470","post","type-post","status-publish","format-standard","has-post-thumbnail","hentry","category-cultura","category-general"],"_links":{"self":[{"href":"https:\/\/emisoracolon.com.ar\/index.php\/wp-json\/wp\/v2\/posts\/2470","targetHints":{"allow":["GET"]}}],"collection":[{"href":"https:\/\/emisoracolon.com.ar\/index.php\/wp-json\/wp\/v2\/posts"}],"about":[{"href":"https:\/\/emisoracolon.com.ar\/index.php\/wp-json\/wp\/v2\/types\/post"}],"author":[{"embeddable":true,"href":"https:\/\/emisoracolon.com.ar\/index.php\/wp-json\/wp\/v2\/users\/1"}],"replies":[{"embeddable":true,"href":"https:\/\/emisoracolon.com.ar\/index.php\/wp-json\/wp\/v2\/comments?post=2470"}],"version-history":[{"count":1,"href":"https:\/\/emisoracolon.com.ar\/index.php\/wp-json\/wp\/v2\/posts\/2470\/revisions"}],"predecessor-version":[{"id":2472,"href":"https:\/\/emisoracolon.com.ar\/index.php\/wp-json\/wp\/v2\/posts\/2470\/revisions\/2472"}],"wp:featuredmedia":[{"embeddable":true,"href":"https:\/\/emisoracolon.com.ar\/index.php\/wp-json\/wp\/v2\/media\/2471"}],"wp:attachment":[{"href":"https:\/\/emisoracolon.com.ar\/index.php\/wp-json\/wp\/v2\/media?parent=2470"}],"wp:term":[{"taxonomy":"category","embeddable":true,"href":"https:\/\/emisoracolon.com.ar\/index.php\/wp-json\/wp\/v2\/categories?post=2470"},{"taxonomy":"post_tag","embeddable":true,"href":"https:\/\/emisoracolon.com.ar\/index.php\/wp-json\/wp\/v2\/tags?post=2470"}],"curies":[{"name":"wp","href":"https:\/\/api.w.org\/{rel}","templated":true}]}}