{"id":2463,"date":"2024-07-08T18:29:42","date_gmt":"2024-07-08T21:29:42","guid":{"rendered":"https:\/\/emisoracolon.com.ar\/?p=2463"},"modified":"2024-07-08T18:29:42","modified_gmt":"2024-07-08T21:29:42","slug":"exitoso-paso-de-maravillosa-musica","status":"publish","type":"post","link":"https:\/\/emisoracolon.com.ar\/index.php\/2024\/07\/08\/exitoso-paso-de-maravillosa-musica\/","title":{"rendered":"Exitoso paso de Maravillosa M\u00fasica"},"content":{"rendered":"\n<p>Ayer en el Polo Cultural tuvo lugar la definici\u00f3n regional del concurso de bandas denominado Maravillosa M\u00fasica, que organiza el Instituto Cultural de la Provincia, con la participaci\u00f3n en nuestra ciudad del Municipio en la organizaci\u00f3n<\/p>\n\n\n\n<p>El cierre fue con la presencia de La Mancha de Rolando un prestigioso grupo de rock alternativo con muchos a\u00f1os de vigencia brindando un gran espect\u00e1culo, como corolario del concurso de bandas que de la regi\u00f3n llegaron a Col\u00f3n como paso previo a la final provincial.<\/p>\n\n\n\n<p>Buen marco de p\u00fablico, aunque por debajo de lo habitual cuando en ese lugar se organizan espect\u00e1culos de esa jerarqu\u00eda. Los motivos son atendibles, el intenso fr\u00edo de estos d\u00edaas, y adem\u00e1s, porque se trataba de un festival de m\u00fasica, sobre todo para j\u00f3venes.<\/p>\n\n\n\n<p>Fue <strong>la<\/strong> tercera edici\u00f3n del mismo y culminara en una emocionante final provincial para ambas categor\u00edas.<\/p>\n","protected":false},"excerpt":{"rendered":"<p>Ayer en el Polo Cultural tuvo lugar la definici\u00f3n regional del concurso de bandas denominado Maravillosa M\u00fasica, que organiza el Instituto Cultural de la Provincia, con la participaci\u00f3n en nuestra ciudad del&#8230;<\/p>\n","protected":false},"author":1,"featured_media":2464,"comment_status":"open","ping_status":"open","sticky":false,"template":"","format":"standard","meta":{"footnotes":""},"categories":[7,3],"tags":[],"class_list":["post-2463","post","type-post","status-publish","format-standard","has-post-thumbnail","hentry","category-cultura","category-general"],"_links":{"self":[{"href":"https:\/\/emisoracolon.com.ar\/index.php\/wp-json\/wp\/v2\/posts\/2463","targetHints":{"allow":["GET"]}}],"collection":[{"href":"https:\/\/emisoracolon.com.ar\/index.php\/wp-json\/wp\/v2\/posts"}],"about":[{"href":"https:\/\/emisoracolon.com.ar\/index.php\/wp-json\/wp\/v2\/types\/post"}],"author":[{"embeddable":true,"href":"https:\/\/emisoracolon.com.ar\/index.php\/wp-json\/wp\/v2\/users\/1"}],"replies":[{"embeddable":true,"href":"https:\/\/emisoracolon.com.ar\/index.php\/wp-json\/wp\/v2\/comments?post=2463"}],"version-history":[{"count":1,"href":"https:\/\/emisoracolon.com.ar\/index.php\/wp-json\/wp\/v2\/posts\/2463\/revisions"}],"predecessor-version":[{"id":2465,"href":"https:\/\/emisoracolon.com.ar\/index.php\/wp-json\/wp\/v2\/posts\/2463\/revisions\/2465"}],"wp:featuredmedia":[{"embeddable":true,"href":"https:\/\/emisoracolon.com.ar\/index.php\/wp-json\/wp\/v2\/media\/2464"}],"wp:attachment":[{"href":"https:\/\/emisoracolon.com.ar\/index.php\/wp-json\/wp\/v2\/media?parent=2463"}],"wp:term":[{"taxonomy":"category","embeddable":true,"href":"https:\/\/emisoracolon.com.ar\/index.php\/wp-json\/wp\/v2\/categories?post=2463"},{"taxonomy":"post_tag","embeddable":true,"href":"https:\/\/emisoracolon.com.ar\/index.php\/wp-json\/wp\/v2\/tags?post=2463"}],"curies":[{"name":"wp","href":"https:\/\/api.w.org\/{rel}","templated":true}]}}