{"id":2445,"date":"2024-07-05T18:42:07","date_gmt":"2024-07-05T21:42:07","guid":{"rendered":"https:\/\/emisoracolon.com.ar\/?p=2445"},"modified":"2024-07-05T18:42:07","modified_gmt":"2024-07-05T21:42:07","slug":"el-mural-de-envion","status":"publish","type":"post","link":"https:\/\/emisoracolon.com.ar\/index.php\/2024\/07\/05\/el-mural-de-envion\/","title":{"rendered":"El Mural de Envi\u00f3n"},"content":{"rendered":"\n<p><strong>Desde el Programa Envi\u00f3n siguen elaborando el mural para la participaci\u00f3n en el proyecto &#8220;Futuro Memoria&#8221;, que organiza el gobierno de la Provincia de Buenos Aires.<\/strong><\/p>\n\n\n\n<p><strong>Se trata de un programa Un programa para reflexionar sobre las implicancias pol\u00edticas, econ\u00f3micas y culturales de la \u00faltima dictadura c\u00edvico-militar y pensar los desaf\u00edos de la Democracia en el presente, hacia el futuro.<\/strong><\/p>\n\n\n\n<p><strong>Pueden participar chicas y chicos de 14 a 23 a\u00f1os.<\/strong><\/p>\n","protected":false},"excerpt":{"rendered":"<p>Desde el Programa Envi\u00f3n siguen elaborando el mural para la participaci\u00f3n en el proyecto &#8220;Futuro Memoria&#8221;, que organiza el gobierno de la Provincia de Buenos Aires. Se trata de un programa Un&#8230;<\/p>\n","protected":false},"author":1,"featured_media":2446,"comment_status":"open","ping_status":"open","sticky":false,"template":"","format":"standard","meta":{"footnotes":""},"categories":[7,3],"tags":[],"class_list":["post-2445","post","type-post","status-publish","format-standard","has-post-thumbnail","hentry","category-cultura","category-general"],"_links":{"self":[{"href":"https:\/\/emisoracolon.com.ar\/index.php\/wp-json\/wp\/v2\/posts\/2445","targetHints":{"allow":["GET"]}}],"collection":[{"href":"https:\/\/emisoracolon.com.ar\/index.php\/wp-json\/wp\/v2\/posts"}],"about":[{"href":"https:\/\/emisoracolon.com.ar\/index.php\/wp-json\/wp\/v2\/types\/post"}],"author":[{"embeddable":true,"href":"https:\/\/emisoracolon.com.ar\/index.php\/wp-json\/wp\/v2\/users\/1"}],"replies":[{"embeddable":true,"href":"https:\/\/emisoracolon.com.ar\/index.php\/wp-json\/wp\/v2\/comments?post=2445"}],"version-history":[{"count":1,"href":"https:\/\/emisoracolon.com.ar\/index.php\/wp-json\/wp\/v2\/posts\/2445\/revisions"}],"predecessor-version":[{"id":2447,"href":"https:\/\/emisoracolon.com.ar\/index.php\/wp-json\/wp\/v2\/posts\/2445\/revisions\/2447"}],"wp:featuredmedia":[{"embeddable":true,"href":"https:\/\/emisoracolon.com.ar\/index.php\/wp-json\/wp\/v2\/media\/2446"}],"wp:attachment":[{"href":"https:\/\/emisoracolon.com.ar\/index.php\/wp-json\/wp\/v2\/media?parent=2445"}],"wp:term":[{"taxonomy":"category","embeddable":true,"href":"https:\/\/emisoracolon.com.ar\/index.php\/wp-json\/wp\/v2\/categories?post=2445"},{"taxonomy":"post_tag","embeddable":true,"href":"https:\/\/emisoracolon.com.ar\/index.php\/wp-json\/wp\/v2\/tags?post=2445"}],"curies":[{"name":"wp","href":"https:\/\/api.w.org\/{rel}","templated":true}]}}