{"id":2384,"date":"2024-07-03T18:15:00","date_gmt":"2024-07-03T21:15:00","guid":{"rendered":"https:\/\/emisoracolon.com.ar\/?p=2384"},"modified":"2024-07-03T18:15:00","modified_gmt":"2024-07-03T21:15:00","slug":"ayuda-para-estudiantes","status":"publish","type":"post","link":"https:\/\/emisoracolon.com.ar\/index.php\/2024\/07\/03\/ayuda-para-estudiantes\/","title":{"rendered":"Ayuda para estudiantes"},"content":{"rendered":"\n<p><strong><\/strong><strong>Una nueva ayuda por parte de la Municipalidad a trav\u00e9s del Fondo de Financiamiento Educativo para estudiantes de nivel universitario termina de concretarse con la aprobaci\u00f3n del Concejo Deliberante.<\/strong><\/p>\n\n\n\n<p><strong>Teniendo en cuenta que los horarios de El Acuerdo en algunos casos no coinciden con el de algunas carreras universitarias, un grupo estudiantes colonenses no puede utilizar ese servicio subsidiado por el gobierno local, motivo por el cual, la Municipalidad acaba de firmar un contrato con un particular que se encargar\u00e1 de transportarlos.<\/strong><\/p>\n\n\n\n<p><strong>El convenio, aprobado por el Concejo Deliberante, fue rubricado por Alejandro Horacio Guti\u00e9rrez quien con su veh\u00edculo transportar\u00e1 a veinte estudiantes colonenses a Pergamino.<\/strong><\/p>\n\n\n\n<p><strong>La Municipalidad aporta 25 mil pesos por cada uno de ellos, y como el contrato fue firmado por 45 d\u00edas, el costo total es de 750 mil pesos. Vencido el mismo se renegociar\u00e1 por un nuevo periodo, tal vez, con otros valores.<\/strong><\/p>\n","protected":false},"excerpt":{"rendered":"<p>Una nueva ayuda por parte de la Municipalidad a trav\u00e9s del Fondo de Financiamiento Educativo para estudiantes de nivel universitario termina de concretarse con la aprobaci\u00f3n del Concejo Deliberante. Teniendo en cuenta&#8230;<\/p>\n","protected":false},"author":2,"featured_media":2071,"comment_status":"open","ping_status":"open","sticky":false,"template":"","format":"standard","meta":{"footnotes":""},"categories":[3,5],"tags":[],"class_list":["post-2384","post","type-post","status-publish","format-standard","has-post-thumbnail","hentry","category-general","category-politica_local"],"_links":{"self":[{"href":"https:\/\/emisoracolon.com.ar\/index.php\/wp-json\/wp\/v2\/posts\/2384","targetHints":{"allow":["GET"]}}],"collection":[{"href":"https:\/\/emisoracolon.com.ar\/index.php\/wp-json\/wp\/v2\/posts"}],"about":[{"href":"https:\/\/emisoracolon.com.ar\/index.php\/wp-json\/wp\/v2\/types\/post"}],"author":[{"embeddable":true,"href":"https:\/\/emisoracolon.com.ar\/index.php\/wp-json\/wp\/v2\/users\/2"}],"replies":[{"embeddable":true,"href":"https:\/\/emisoracolon.com.ar\/index.php\/wp-json\/wp\/v2\/comments?post=2384"}],"version-history":[{"count":1,"href":"https:\/\/emisoracolon.com.ar\/index.php\/wp-json\/wp\/v2\/posts\/2384\/revisions"}],"predecessor-version":[{"id":2385,"href":"https:\/\/emisoracolon.com.ar\/index.php\/wp-json\/wp\/v2\/posts\/2384\/revisions\/2385"}],"wp:featuredmedia":[{"embeddable":true,"href":"https:\/\/emisoracolon.com.ar\/index.php\/wp-json\/wp\/v2\/media\/2071"}],"wp:attachment":[{"href":"https:\/\/emisoracolon.com.ar\/index.php\/wp-json\/wp\/v2\/media?parent=2384"}],"wp:term":[{"taxonomy":"category","embeddable":true,"href":"https:\/\/emisoracolon.com.ar\/index.php\/wp-json\/wp\/v2\/categories?post=2384"},{"taxonomy":"post_tag","embeddable":true,"href":"https:\/\/emisoracolon.com.ar\/index.php\/wp-json\/wp\/v2\/tags?post=2384"}],"curies":[{"name":"wp","href":"https:\/\/api.w.org\/{rel}","templated":true}]}}