{"id":229,"date":"2024-04-05T18:14:09","date_gmt":"2024-04-05T21:14:09","guid":{"rendered":"https:\/\/emisoracolon.com.ar\/?p=229"},"modified":"2024-04-05T18:14:09","modified_gmt":"2024-04-05T21:14:09","slug":"maestria-en-periodismo","status":"publish","type":"post","link":"https:\/\/emisoracolon.com.ar\/index.php\/2024\/04\/05\/maestria-en-periodismo\/","title":{"rendered":"Maestr\u00eda en Periodismo"},"content":{"rendered":"\n<p>El Municipio firm\u00f3 un convenio con la Universidad Nacional de La Plata para llevar adelante una Maestr\u00eda en la ciudad. Por tal motivo, ayer visit\u00f3 la sede de gobierno municipal la vicepresidenta de la Universidad Nacional de La Plata Andrea Varela.<\/p>\n\n\n\n<p>La firma del convenio permitir\u00e1 que vecinos y vecinas puedan realizar una Maestr\u00eda en Periodismo y Medios de Comunicacion de la UNLP.<\/p>\n\n\n\n<p>Como parte de la visita, tambi\u00e9n los funcionarios recorrieron las instalaciones del Polo Cultural y del Polo Universitario con el objetivo de seguir trabajando de manera conjunta con propuestas que puedan beneficiar a nuestra comunidad.<\/p>\n\n\n\n<p><\/p>\n","protected":false},"excerpt":{"rendered":"<p>El Municipio firm\u00f3 un convenio con la Universidad Nacional de La Plata para llevar adelante una Maestr\u00eda en la ciudad. Por tal motivo, ayer visit\u00f3 la sede de gobierno municipal la vicepresidenta&#8230;<\/p>\n","protected":false},"author":2,"featured_media":230,"comment_status":"open","ping_status":"open","sticky":false,"template":"","format":"standard","meta":{"footnotes":""},"categories":[7,5],"tags":[],"class_list":["post-229","post","type-post","status-publish","format-standard","has-post-thumbnail","hentry","category-cultura","category-politica_local"],"_links":{"self":[{"href":"https:\/\/emisoracolon.com.ar\/index.php\/wp-json\/wp\/v2\/posts\/229","targetHints":{"allow":["GET"]}}],"collection":[{"href":"https:\/\/emisoracolon.com.ar\/index.php\/wp-json\/wp\/v2\/posts"}],"about":[{"href":"https:\/\/emisoracolon.com.ar\/index.php\/wp-json\/wp\/v2\/types\/post"}],"author":[{"embeddable":true,"href":"https:\/\/emisoracolon.com.ar\/index.php\/wp-json\/wp\/v2\/users\/2"}],"replies":[{"embeddable":true,"href":"https:\/\/emisoracolon.com.ar\/index.php\/wp-json\/wp\/v2\/comments?post=229"}],"version-history":[{"count":1,"href":"https:\/\/emisoracolon.com.ar\/index.php\/wp-json\/wp\/v2\/posts\/229\/revisions"}],"predecessor-version":[{"id":231,"href":"https:\/\/emisoracolon.com.ar\/index.php\/wp-json\/wp\/v2\/posts\/229\/revisions\/231"}],"wp:featuredmedia":[{"embeddable":true,"href":"https:\/\/emisoracolon.com.ar\/index.php\/wp-json\/wp\/v2\/media\/230"}],"wp:attachment":[{"href":"https:\/\/emisoracolon.com.ar\/index.php\/wp-json\/wp\/v2\/media?parent=229"}],"wp:term":[{"taxonomy":"category","embeddable":true,"href":"https:\/\/emisoracolon.com.ar\/index.php\/wp-json\/wp\/v2\/categories?post=229"},{"taxonomy":"post_tag","embeddable":true,"href":"https:\/\/emisoracolon.com.ar\/index.php\/wp-json\/wp\/v2\/tags?post=229"}],"curies":[{"name":"wp","href":"https:\/\/api.w.org\/{rel}","templated":true}]}}