{"id":1786,"date":"2024-05-31T18:35:10","date_gmt":"2024-05-31T21:35:10","guid":{"rendered":"https:\/\/emisoracolon.com.ar\/?p=1786"},"modified":"2024-05-31T18:35:10","modified_gmt":"2024-05-31T21:35:10","slug":"el-traslado-de-los-pumas-otra-vision-del-tema","status":"publish","type":"post","link":"https:\/\/emisoracolon.com.ar\/index.php\/2024\/05\/31\/el-traslado-de-los-pumas-otra-vision-del-tema\/","title":{"rendered":"El traslado de los pumas, otra visi\u00f3n del tema"},"content":{"rendered":"\n<p>El lunes 13 de mayo de este a\u00f1o ocurri\u00f3 un evento esperado por muchos: la liberaci\u00f3n de los pumas del ex zool\u00f3gico de Col\u00f3n: Dos de los tres hermanos felinos, Huayra y Yachay, fueron trasladados a un santuario ubicado en la provincia de Entre R\u00edos, donde cuentan con un espacio significativamente mayor para vivir. La Municipalidad en su parte de prensa agradeci\u00f3 la participaci\u00f3n, entre otros, de Fernando Pieroni, presidente de Fundaci\u00f3n Planeta Vivo.   Aunque\u2026.. No estamos seguros que lo hubieran hecho despu\u00e9s de las declaraciones que fueron publicadas por Infobae.<\/p>\n\n\n\n<p>Dijo que los pumas se encontraban en una jaula para tortugas.<\/p>\n\n\n\n<p>En la nota se\u00f1alan que el zool\u00f3gico hab\u00eda sido protagonista de controversias sobre los malos tratos y las condiciones paup\u00e9rrimas en las que manten\u00edan a los animales. En 2013 cerr\u00f3, pero varios animales quedaron encerrados dentro del predio. Se realizaron algunos traslados desde ese momento, pero el de los pumas tard\u00f3 en aprobarse. Desafortunadamente, la tercer puma, Munay, falleci\u00f3 semanas antes de que se pudiera efectuar la liberaci\u00f3n.<\/p>\n\n\n\n<p>Fernando Pieroni explic\u00f3 que \u00e9l y su equipo debieron trabajar constantemente durante casi tres a\u00f1os para lograr su cometido. Adem\u00e1s, aclar\u00f3 los motivos por los cuales se retras\u00f3 tanto el traslado: \u201cCreo que el primero de todos es el tema de la burocracia, papeler\u00edos, permisos. Imaginate que nosotros estamos trasladando animales que est\u00e1n en una provincia, que es la provincia de Buenos Aires, en este caso, a otra provincia. Vos ten\u00e9s que poder lograr que coincida la provincia donde van a ir esos animales con la provincia que permite que salgan. Entonces el papeler\u00edo lamentablemente dur\u00f3 much\u00edsimo tiempo, sumado a que no hubo voluntad pol\u00edtica\u201d.<\/p>\n\n\n\n<p>Pieroni hizo hincapi\u00e9 en las condiciones desfavorables en las que se encontraban los felinos antes de su liberaci\u00f3n. \u201cEstoy acostumbrado a ir a lugares donde hay animales en condiciones terribles, pero me llam\u00f3 mucho la atenci\u00f3n y creo que fue uno de los de los peores casos en los que nos metimos, porque eran tres pumas olvidados en lo que antiguamente fue un zool\u00f3gico que cerr\u00f3 por la presi\u00f3n medi\u00e1tica de la gente. Era un lugar de condiciones terribles para los animales, se traslad\u00f3 todo lo que se pudo y esos pumas quedaron dentro de una jaula, en el medio de una plaza\u201d, declar\u00f3 el experto.<\/p>\n\n\n\n<p>Los animales hab\u00edan sido abandonados, y se les brindaba una atenci\u00f3n muy precaria. Los pumas hab\u00edan quedado como \u201cel adorno de la ciudad\u201d. Pieroni coment\u00f3 que ese fue uno de los factores que m\u00e1s lo impact\u00f3: \u201cNo se puede estar normalizando ese tipo de cosas\u201d.<\/p>\n\n\n\n<p><\/p>\n","protected":false},"excerpt":{"rendered":"<p>El lunes 13 de mayo de este a\u00f1o ocurri\u00f3 un evento esperado por muchos: la liberaci\u00f3n de los pumas del ex zool\u00f3gico de Col\u00f3n: Dos de los tres hermanos felinos, Huayra y&#8230;<\/p>\n","protected":false},"author":2,"featured_media":1787,"comment_status":"open","ping_status":"open","sticky":false,"template":"","format":"standard","meta":{"footnotes":""},"categories":[3,5],"tags":[],"class_list":["post-1786","post","type-post","status-publish","format-standard","has-post-thumbnail","hentry","category-general","category-politica_local"],"_links":{"self":[{"href":"https:\/\/emisoracolon.com.ar\/index.php\/wp-json\/wp\/v2\/posts\/1786","targetHints":{"allow":["GET"]}}],"collection":[{"href":"https:\/\/emisoracolon.com.ar\/index.php\/wp-json\/wp\/v2\/posts"}],"about":[{"href":"https:\/\/emisoracolon.com.ar\/index.php\/wp-json\/wp\/v2\/types\/post"}],"author":[{"embeddable":true,"href":"https:\/\/emisoracolon.com.ar\/index.php\/wp-json\/wp\/v2\/users\/2"}],"replies":[{"embeddable":true,"href":"https:\/\/emisoracolon.com.ar\/index.php\/wp-json\/wp\/v2\/comments?post=1786"}],"version-history":[{"count":1,"href":"https:\/\/emisoracolon.com.ar\/index.php\/wp-json\/wp\/v2\/posts\/1786\/revisions"}],"predecessor-version":[{"id":1788,"href":"https:\/\/emisoracolon.com.ar\/index.php\/wp-json\/wp\/v2\/posts\/1786\/revisions\/1788"}],"wp:featuredmedia":[{"embeddable":true,"href":"https:\/\/emisoracolon.com.ar\/index.php\/wp-json\/wp\/v2\/media\/1787"}],"wp:attachment":[{"href":"https:\/\/emisoracolon.com.ar\/index.php\/wp-json\/wp\/v2\/media?parent=1786"}],"wp:term":[{"taxonomy":"category","embeddable":true,"href":"https:\/\/emisoracolon.com.ar\/index.php\/wp-json\/wp\/v2\/categories?post=1786"},{"taxonomy":"post_tag","embeddable":true,"href":"https:\/\/emisoracolon.com.ar\/index.php\/wp-json\/wp\/v2\/tags?post=1786"}],"curies":[{"name":"wp","href":"https:\/\/api.w.org\/{rel}","templated":true}]}}