{"id":1692,"date":"2024-05-29T18:22:27","date_gmt":"2024-05-29T21:22:27","guid":{"rendered":"https:\/\/emisoracolon.com.ar\/?p=1692"},"modified":"2024-05-29T18:22:27","modified_gmt":"2024-05-29T21:22:27","slug":"miercoles-29-de-mayo-de-2024-2","status":"publish","type":"post","link":"https:\/\/emisoracolon.com.ar\/index.php\/2024\/05\/29\/miercoles-29-de-mayo-de-2024-2\/","title":{"rendered":"Mi\u00e9rcoles 29 de Mayo, de 2024."},"content":{"rendered":"\n<p>Ayer falleci\u00f3 Rosa Polimante de Peverini a los 89 a\u00f1os. Casa de duelo en 16 entre 54 y 55.<\/p>\n\n\n\n<p> El sepelio, en Cementerio Parque El Prado.<\/p>\n\n\n\n<p>Servicio adherido a la Cooperativa El\u00e9ctrica de Col\u00f3n.<\/p>\n","protected":false},"excerpt":{"rendered":"<p>Ayer falleci\u00f3 Rosa Polimante de Peverini a los 89 a\u00f1os. Casa de duelo en 16 entre 54 y 55. El sepelio, en Cementerio Parque El Prado. Servicio adherido a la Cooperativa El\u00e9ctrica&#8230;<\/p>\n","protected":false},"author":2,"featured_media":0,"comment_status":"open","ping_status":"open","sticky":false,"template":"","format":"standard","meta":{"footnotes":""},"categories":[8],"tags":[],"class_list":["post-1692","post","type-post","status-publish","format-standard","hentry","category-necrologicas"],"_links":{"self":[{"href":"https:\/\/emisoracolon.com.ar\/index.php\/wp-json\/wp\/v2\/posts\/1692","targetHints":{"allow":["GET"]}}],"collection":[{"href":"https:\/\/emisoracolon.com.ar\/index.php\/wp-json\/wp\/v2\/posts"}],"about":[{"href":"https:\/\/emisoracolon.com.ar\/index.php\/wp-json\/wp\/v2\/types\/post"}],"author":[{"embeddable":true,"href":"https:\/\/emisoracolon.com.ar\/index.php\/wp-json\/wp\/v2\/users\/2"}],"replies":[{"embeddable":true,"href":"https:\/\/emisoracolon.com.ar\/index.php\/wp-json\/wp\/v2\/comments?post=1692"}],"version-history":[{"count":1,"href":"https:\/\/emisoracolon.com.ar\/index.php\/wp-json\/wp\/v2\/posts\/1692\/revisions"}],"predecessor-version":[{"id":1693,"href":"https:\/\/emisoracolon.com.ar\/index.php\/wp-json\/wp\/v2\/posts\/1692\/revisions\/1693"}],"wp:attachment":[{"href":"https:\/\/emisoracolon.com.ar\/index.php\/wp-json\/wp\/v2\/media?parent=1692"}],"wp:term":[{"taxonomy":"category","embeddable":true,"href":"https:\/\/emisoracolon.com.ar\/index.php\/wp-json\/wp\/v2\/categories?post=1692"},{"taxonomy":"post_tag","embeddable":true,"href":"https:\/\/emisoracolon.com.ar\/index.php\/wp-json\/wp\/v2\/tags?post=1692"}],"curies":[{"name":"wp","href":"https:\/\/api.w.org\/{rel}","templated":true}]}}