{"id":1580,"date":"2024-05-24T18:22:54","date_gmt":"2024-05-24T21:22:54","guid":{"rendered":"https:\/\/emisoracolon.com.ar\/?p=1580"},"modified":"2024-05-24T18:22:54","modified_gmt":"2024-05-24T21:22:54","slug":"para-conservar-el-antiguo-pergamino","status":"publish","type":"post","link":"https:\/\/emisoracolon.com.ar\/index.php\/2024\/05\/24\/para-conservar-el-antiguo-pergamino\/","title":{"rendered":"Para conservar el antiguo pergamino"},"content":{"rendered":"\n<p>El cuidado y conservaci\u00f3n del pergamino encontrado en el ex edificio municipal tendr\u00eda asignado su destino en la ciudad. La propuesta ingres\u00f3 al HCD como Ordenanza, seg\u00fan lo impulsado por el bloque UCR Aut\u00e9ntico, y sali\u00f3 aprobado con modificaciones transform\u00e1ndose en una minuta de comunicaci\u00f3n. Como se sabe, las ordenanzas son de cumplimiento obligatorio, no as\u00ed las comunicaciones.<\/p>\n\n\n\n<p>La idea de la concejala Alicia Franco de UCR Autentico era preservar el pergamino encontrado por un vecino durante la demolici\u00f3n del edificio de 47 y 20.<\/p>\n\n\n\n<p>El director del Museo estuvo en contacto con personas especializadas en la materia de preservaci\u00f3n de ese tipo de documentos y llegaron a la conclusi\u00f3n que dado su antig\u00fcedad debe ser conservado, por ejemplo, no exponi\u00e9ndolo a la luz del sol y de las manos de las personas. Por ese motivo, la resoluci\u00f3n determina que se hagan dos copias del mismo y sugiere que se coloquen en el Museo de la Ciudad y en el hall de ingreso al edificio Municipal.<\/p>\n\n\n\n<p><\/p>\n\n\n\n<p><\/p>\n","protected":false},"excerpt":{"rendered":"<p>El cuidado y conservaci\u00f3n del pergamino encontrado en el ex edificio municipal tendr\u00eda asignado su destino en la ciudad. La propuesta ingres\u00f3 al HCD como Ordenanza, seg\u00fan lo impulsado por el bloque&#8230;<\/p>\n","protected":false},"author":2,"featured_media":1581,"comment_status":"open","ping_status":"open","sticky":false,"template":"","format":"standard","meta":{"footnotes":""},"categories":[7,3,5],"tags":[],"class_list":["post-1580","post","type-post","status-publish","format-standard","has-post-thumbnail","hentry","category-cultura","category-general","category-politica_local"],"_links":{"self":[{"href":"https:\/\/emisoracolon.com.ar\/index.php\/wp-json\/wp\/v2\/posts\/1580","targetHints":{"allow":["GET"]}}],"collection":[{"href":"https:\/\/emisoracolon.com.ar\/index.php\/wp-json\/wp\/v2\/posts"}],"about":[{"href":"https:\/\/emisoracolon.com.ar\/index.php\/wp-json\/wp\/v2\/types\/post"}],"author":[{"embeddable":true,"href":"https:\/\/emisoracolon.com.ar\/index.php\/wp-json\/wp\/v2\/users\/2"}],"replies":[{"embeddable":true,"href":"https:\/\/emisoracolon.com.ar\/index.php\/wp-json\/wp\/v2\/comments?post=1580"}],"version-history":[{"count":1,"href":"https:\/\/emisoracolon.com.ar\/index.php\/wp-json\/wp\/v2\/posts\/1580\/revisions"}],"predecessor-version":[{"id":1582,"href":"https:\/\/emisoracolon.com.ar\/index.php\/wp-json\/wp\/v2\/posts\/1580\/revisions\/1582"}],"wp:featuredmedia":[{"embeddable":true,"href":"https:\/\/emisoracolon.com.ar\/index.php\/wp-json\/wp\/v2\/media\/1581"}],"wp:attachment":[{"href":"https:\/\/emisoracolon.com.ar\/index.php\/wp-json\/wp\/v2\/media?parent=1580"}],"wp:term":[{"taxonomy":"category","embeddable":true,"href":"https:\/\/emisoracolon.com.ar\/index.php\/wp-json\/wp\/v2\/categories?post=1580"},{"taxonomy":"post_tag","embeddable":true,"href":"https:\/\/emisoracolon.com.ar\/index.php\/wp-json\/wp\/v2\/tags?post=1580"}],"curies":[{"name":"wp","href":"https:\/\/api.w.org\/{rel}","templated":true}]}}