{"id":1541,"date":"2024-05-23T18:29:55","date_gmt":"2024-05-23T21:29:55","guid":{"rendered":"https:\/\/emisoracolon.com.ar\/?p=1541"},"modified":"2024-05-23T18:29:55","modified_gmt":"2024-05-23T21:29:55","slug":"comision-de-boxeo","status":"publish","type":"post","link":"https:\/\/emisoracolon.com.ar\/index.php\/2024\/05\/23\/comision-de-boxeo\/","title":{"rendered":"Comisi\u00f3n de boxeo"},"content":{"rendered":"\n<p>Ana Paula Cabeza es la presidenta de la Comisi\u00f3n Municipal de Boxeo. En el mediod\u00eda de ayer, se oficializ\u00f3 la conformaci\u00f3n de la nueva comisi\u00f3n que estableci\u00f3 reuniones los segundos lunes de cada mes a las 13:00 en el recinto del Honorable Concejo Deliberante.<\/p>\n\n\n\n<p>Dicha comisi\u00f3n tendr\u00e1 la tarea de autorizar y fiscalizar todo evento de boxeo que se desarrolle en el distrito, haciendo cumplir la legislaci\u00f3n vigente bas\u00e1ndose en el reglamento de la Federaci\u00f3n de Boxeo.<\/p>\n\n\n\n<p>La Comisi\u00f3n Municipal de Boxeo qued\u00f3 integrada por:<\/p>\n\n\n\n<p>Presidenta: Ana Paula Cabeza<\/p>\n\n\n\n<p>Vice Presidente: Patricio Romano<\/p>\n\n\n\n<p>Secretaria: Lara Espinosa<\/p>\n\n\n\n<p>Vocales: Mariel Crispino, Jorge Los Santos, Silvana Passarini, Guillermo Berniche y Marcelo Battaglia.<\/p>\n\n\n\n<p>Concejales: Guillermo Alonso, Alicia Franco y Silvana Desimone.<\/p>\n\n\n\n<p><\/p>\n","protected":false},"excerpt":{"rendered":"<p>Ana Paula Cabeza es la presidenta de la Comisi\u00f3n Municipal de Boxeo. En el mediod\u00eda de ayer, se oficializ\u00f3 la conformaci\u00f3n de la nueva comisi\u00f3n que estableci\u00f3 reuniones los segundos lunes de&#8230;<\/p>\n","protected":false},"author":2,"featured_media":1543,"comment_status":"open","ping_status":"open","sticky":false,"template":"","format":"standard","meta":{"footnotes":""},"categories":[7,6,3,5],"tags":[],"class_list":["post-1541","post","type-post","status-publish","format-standard","has-post-thumbnail","hentry","category-cultura","category-deportes","category-general","category-politica_local"],"_links":{"self":[{"href":"https:\/\/emisoracolon.com.ar\/index.php\/wp-json\/wp\/v2\/posts\/1541","targetHints":{"allow":["GET"]}}],"collection":[{"href":"https:\/\/emisoracolon.com.ar\/index.php\/wp-json\/wp\/v2\/posts"}],"about":[{"href":"https:\/\/emisoracolon.com.ar\/index.php\/wp-json\/wp\/v2\/types\/post"}],"author":[{"embeddable":true,"href":"https:\/\/emisoracolon.com.ar\/index.php\/wp-json\/wp\/v2\/users\/2"}],"replies":[{"embeddable":true,"href":"https:\/\/emisoracolon.com.ar\/index.php\/wp-json\/wp\/v2\/comments?post=1541"}],"version-history":[{"count":1,"href":"https:\/\/emisoracolon.com.ar\/index.php\/wp-json\/wp\/v2\/posts\/1541\/revisions"}],"predecessor-version":[{"id":1546,"href":"https:\/\/emisoracolon.com.ar\/index.php\/wp-json\/wp\/v2\/posts\/1541\/revisions\/1546"}],"wp:featuredmedia":[{"embeddable":true,"href":"https:\/\/emisoracolon.com.ar\/index.php\/wp-json\/wp\/v2\/media\/1543"}],"wp:attachment":[{"href":"https:\/\/emisoracolon.com.ar\/index.php\/wp-json\/wp\/v2\/media?parent=1541"}],"wp:term":[{"taxonomy":"category","embeddable":true,"href":"https:\/\/emisoracolon.com.ar\/index.php\/wp-json\/wp\/v2\/categories?post=1541"},{"taxonomy":"post_tag","embeddable":true,"href":"https:\/\/emisoracolon.com.ar\/index.php\/wp-json\/wp\/v2\/tags?post=1541"}],"curies":[{"name":"wp","href":"https:\/\/api.w.org\/{rel}","templated":true}]}}