{"id":1440,"date":"2024-05-21T18:24:11","date_gmt":"2024-05-21T21:24:11","guid":{"rendered":"https:\/\/emisoracolon.com.ar\/?p=1440"},"modified":"2024-05-21T18:24:11","modified_gmt":"2024-05-21T21:24:11","slug":"indumentaria-de-invierno-para-el-futbol-femenino","status":"publish","type":"post","link":"https:\/\/emisoracolon.com.ar\/index.php\/2024\/05\/21\/indumentaria-de-invierno-para-el-futbol-femenino\/","title":{"rendered":"Indumentaria de invierno para el f\u00fatbol femenino"},"content":{"rendered":"\n<p>En las \u00faltimas horas de la tarde de ayer, el intendente Waldemar Giordano, concurri\u00f3 a Plaza Mitre donde se estaba por disputar la 8a fecha del torneo Oficial de Primera Divisi\u00f3n de F\u00fatbol Femenino y procedi\u00f3 a la entrega de la indumentaria de invierno para cada equipo de f\u00fatbol femenino de nuestra ciudad.<\/p>\n\n\n\n<p>Se inform\u00f3 que se trat\u00f3 de una entrega complementaria de los equipos de invierno, porque hubo otra anteriormente.<\/p>\n\n\n\n<p>La informaci\u00f3n dada a conocer desde el Municipio fue \u201cesto fue un compromiso de gesti\u00f3n que asumimos en diciembre. Seguiremos trabajando siempre juntos para poder lograr muchas cosas m\u00e1s. Gracias por el c\u00e1lido recibimiento de siempre\u201d.<\/p>\n\n\n\n<p><\/p>\n","protected":false},"excerpt":{"rendered":"<p>En las \u00faltimas horas de la tarde de ayer, el intendente Waldemar Giordano, concurri\u00f3 a Plaza Mitre donde se estaba por disputar la 8a fecha del torneo Oficial de Primera Divisi\u00f3n de&#8230;<\/p>\n","protected":false},"author":2,"featured_media":1426,"comment_status":"open","ping_status":"open","sticky":false,"template":"","format":"standard","meta":{"footnotes":""},"categories":[6,3,5],"tags":[],"class_list":["post-1440","post","type-post","status-publish","format-standard","has-post-thumbnail","hentry","category-deportes","category-general","category-politica_local"],"_links":{"self":[{"href":"https:\/\/emisoracolon.com.ar\/index.php\/wp-json\/wp\/v2\/posts\/1440","targetHints":{"allow":["GET"]}}],"collection":[{"href":"https:\/\/emisoracolon.com.ar\/index.php\/wp-json\/wp\/v2\/posts"}],"about":[{"href":"https:\/\/emisoracolon.com.ar\/index.php\/wp-json\/wp\/v2\/types\/post"}],"author":[{"embeddable":true,"href":"https:\/\/emisoracolon.com.ar\/index.php\/wp-json\/wp\/v2\/users\/2"}],"replies":[{"embeddable":true,"href":"https:\/\/emisoracolon.com.ar\/index.php\/wp-json\/wp\/v2\/comments?post=1440"}],"version-history":[{"count":1,"href":"https:\/\/emisoracolon.com.ar\/index.php\/wp-json\/wp\/v2\/posts\/1440\/revisions"}],"predecessor-version":[{"id":1441,"href":"https:\/\/emisoracolon.com.ar\/index.php\/wp-json\/wp\/v2\/posts\/1440\/revisions\/1441"}],"wp:featuredmedia":[{"embeddable":true,"href":"https:\/\/emisoracolon.com.ar\/index.php\/wp-json\/wp\/v2\/media\/1426"}],"wp:attachment":[{"href":"https:\/\/emisoracolon.com.ar\/index.php\/wp-json\/wp\/v2\/media?parent=1440"}],"wp:term":[{"taxonomy":"category","embeddable":true,"href":"https:\/\/emisoracolon.com.ar\/index.php\/wp-json\/wp\/v2\/categories?post=1440"},{"taxonomy":"post_tag","embeddable":true,"href":"https:\/\/emisoracolon.com.ar\/index.php\/wp-json\/wp\/v2\/tags?post=1440"}],"curies":[{"name":"wp","href":"https:\/\/api.w.org\/{rel}","templated":true}]}}