{"id":11788,"date":"2026-09-04T18:52:34","date_gmt":"2026-09-04T21:52:34","guid":{"rendered":"https:\/\/emisoracolon.com.ar\/?p=11788"},"modified":"2026-09-04T18:52:34","modified_gmt":"2026-09-04T21:52:34","slug":"pablo-pascua-rinde-homenaje-a-horacio-guarany-la-tv-publica","status":"publish","type":"post","link":"https:\/\/emisoracolon.com.ar\/index.php\/2026\/09\/04\/pablo-pascua-rinde-homenaje-a-horacio-guarany-la-tv-publica\/","title":{"rendered":"Pablo Pascua rinde homenaje a Horacio Guarany la TV P\u00fablica"},"content":{"rendered":"\n<p class=\"wp-block-paragraph\">El artista de nuestra ciudad, Pablo Pascua, se presentar\u00e1 este domingo a las 20:00 en la pantalla de la TV P\u00fablica. Su participaci\u00f3n forma parte de un emotivo homenaje al recordado \u00edcono del folclore nacional, Horacio Guarany, donde interpretar\u00e1 varias de sus canciones m\u00e1s emblem\u00e1ticas.<\/p>\n\n\n\n<p class=\"wp-block-paragraph\">La actuaci\u00f3n del m\u00fasico local se grab\u00f3 especialmente para el programa televisivo &#8220;Se Siente Argentina&#8221;, el ciclo de difusi\u00f3n cultural conducido por Coki Ram\u00edrez. El especial promete recorrer el valioso legado musical y la huella imborrable que Guarany dej\u00f3 en la identidad musical del pa\u00eds.<\/p>\n\n\n\n<p class=\"wp-block-paragraph\">Esta relevante presentaci\u00f3n en los medios p\u00fablicos coincide con un gran presente en la carrera solista de Pablo Pascua. El cantautor se encuentra desarrollando una intensa gira de prensa por los principales medios de la Ciudad de Buenos Aires \u2014que incluy\u00f3 pasos por las se\u00f1ales Unife TV y Argentin\u00edsima Satelital\u2014, consolidando la difusi\u00f3n de su propuesta antes de concretar su esperado regreso a los escenarios.<\/p>\n","protected":false},"excerpt":{"rendered":"<p>El artista de nuestra ciudad, Pablo Pascua, se presentar\u00e1 este domingo a las 20:00 en la pantalla de la TV P\u00fablica. Su participaci\u00f3n forma parte de un emotivo homenaje al recordado \u00edcono&#8230;<\/p>\n","protected":false},"author":1,"featured_media":11789,"comment_status":"open","ping_status":"open","sticky":false,"template":"","format":"standard","meta":{"footnotes":""},"categories":[7,3],"tags":[],"class_list":["post-11788","post","type-post","status-publish","format-standard","has-post-thumbnail","hentry","category-cultura","category-general"],"_links":{"self":[{"href":"https:\/\/emisoracolon.com.ar\/index.php\/wp-json\/wp\/v2\/posts\/11788","targetHints":{"allow":["GET"]}}],"collection":[{"href":"https:\/\/emisoracolon.com.ar\/index.php\/wp-json\/wp\/v2\/posts"}],"about":[{"href":"https:\/\/emisoracolon.com.ar\/index.php\/wp-json\/wp\/v2\/types\/post"}],"author":[{"embeddable":true,"href":"https:\/\/emisoracolon.com.ar\/index.php\/wp-json\/wp\/v2\/users\/1"}],"replies":[{"embeddable":true,"href":"https:\/\/emisoracolon.com.ar\/index.php\/wp-json\/wp\/v2\/comments?post=11788"}],"version-history":[{"count":1,"href":"https:\/\/emisoracolon.com.ar\/index.php\/wp-json\/wp\/v2\/posts\/11788\/revisions"}],"predecessor-version":[{"id":11790,"href":"https:\/\/emisoracolon.com.ar\/index.php\/wp-json\/wp\/v2\/posts\/11788\/revisions\/11790"}],"wp:featuredmedia":[{"embeddable":true,"href":"https:\/\/emisoracolon.com.ar\/index.php\/wp-json\/wp\/v2\/media\/11789"}],"wp:attachment":[{"href":"https:\/\/emisoracolon.com.ar\/index.php\/wp-json\/wp\/v2\/media?parent=11788"}],"wp:term":[{"taxonomy":"category","embeddable":true,"href":"https:\/\/emisoracolon.com.ar\/index.php\/wp-json\/wp\/v2\/categories?post=11788"},{"taxonomy":"post_tag","embeddable":true,"href":"https:\/\/emisoracolon.com.ar\/index.php\/wp-json\/wp\/v2\/tags?post=11788"}],"curies":[{"name":"wp","href":"https:\/\/api.w.org\/{rel}","templated":true}]}}