{"id":11784,"date":"2026-09-04T18:50:42","date_gmt":"2026-09-04T21:50:42","guid":{"rendered":"https:\/\/emisoracolon.com.ar\/?p=11784"},"modified":"2026-09-04T18:50:42","modified_gmt":"2026-09-04T21:50:42","slug":"red-vial-tensa-reunion-entre-el-ejecutivo-y-productores-sin-acuerdo-por-la-falta-de-la-rendicion-de-cuentas","status":"publish","type":"post","link":"https:\/\/emisoracolon.com.ar\/index.php\/2026\/09\/04\/red-vial-tensa-reunion-entre-el-ejecutivo-y-productores-sin-acuerdo-por-la-falta-de-la-rendicion-de-cuentas\/","title":{"rendered":"Red vial: tensa reuni\u00f3n entre el Ejecutivo y productores sin acuerdo por la falta de la rendici\u00f3n de cuentas"},"content":{"rendered":"\n<p class=\"wp-block-paragraph\">La Sociedad Rural y m\u00e1s de 120 productores locales rechazaron conformar la Mesa de Trabajo hasta que el Municipio presente el presupuesto y el detalle de los gastos de los \u00faltimos dos a\u00f1os.<\/p>\n\n\n\n<p class=\"wp-block-paragraph\">Un clima de fuerte tensi\u00f3n e incertidumbre sobrevuela la relaci\u00f3n entre el sector agropecuario local y el Ejecutivo Municipal. Anoche, alrededor de las 19:00 horas, se llev\u00f3 a cabo una reuni\u00f3n clave en la Casa de Campo que, a pesar de haber iniciado en buenos t\u00e9rminos, termin\u00f3 por profundizar las diferencias en torno a la gesti\u00f3n y el mantenimiento de la red vial.<\/p>\n\n\n\n<p class=\"wp-block-paragraph\">Al encuentro asisti\u00f3 una comitiva oficial de peso encabezada por la secretaria de Gobierno, Natalia Avetta; los contadores Bruno Piccini y Georgina Jim\u00e9nez; el presidente del Concejo Deliberante, Carlos Traficante; el ingeniero Walter Angeloni; y el encargado del \u00e1rea de maquinarias, Lezcano. Del otro lado se encontraban representantes de la Sociedad Rural (SR) y productores autoconvocados.<\/p>\n\n\n\n<p class=\"wp-block-paragraph\">El punto de quiebre: los n\u00fameros sobre la mesa<\/p>\n\n\n\n<p class=\"wp-block-paragraph\">El conflicto principal radica en la negativa de los productores a avanzar en la conformaci\u00f3n de la Mesa de Trabajo de la red vial. Desde el sector rural dejaron en claro que no se integrar\u00e1 ninguna comisi\u00f3n hasta que el Ejecutivo responda formalmente a la primera nota enviada, en la que se exige la rendici\u00f3n detallada de los gastos y la presentaci\u00f3n del presupuesto correspondiente.<\/p>\n\n\n\n<p class=\"wp-block-paragraph\">Fuentes cercanas al sector se\u00f1alaron que el Ejecutivo intent\u00f3 evitar la exposici\u00f3n de los n\u00fameros, buscando activar la mesa de trabajo de manera inmediata. Fue precisamente en este punto donde la negociaci\u00f3n se estanc\u00f3.<\/p>\n\n\n\n<p class=\"wp-block-paragraph\">A partir de all\u00ed, el debate escal\u00f3 en intensidad. Hubo cruces de opiniones y respuestas que no conformaron a ninguna de las partes. La delegaci\u00f3n municipal se retir\u00f3 visiblemente insatisfecha y adelant\u00f3 que buscar\u00e1 individualmente a productores que est\u00e9n dispuestos a integrar la mesa, por fuera del consenso general actual.<\/p>\n\n\n\n<p class=\"wp-block-paragraph\">Disputa por la representatividad y pr\u00f3ximos pasos<\/p>\n\n\n\n<p class=\"wp-block-paragraph\">Otro foco de conflicto se dio en torno a la masividad del reclamo. Mientras que desde la Municipalidad pusieron en duda la cantidad de manifestantes sosteniendo que se trata de un grupo reducido, los productores afirmaron contar con el apoyo activo de m\u00e1s de 120 integrantes del sector y el respaldo institucional absoluto de la Sociedad Rural.<\/p>\n\n\n\n<p class=\"wp-block-paragraph\">Como contraofensiva ante la falta de respuestas, los productores anunciaron que ofrecer\u00e1n una conferencia de prensa en los pr\u00f3ximos d\u00edas. La misma contar\u00e1 con la participaci\u00f3n de un abogado asesor para informar detalladamente a la comunidad sobre la situaci\u00f3n legal e institucional del conflicto.<\/p>\n\n\n\n<p class=\"wp-block-paragraph\">Consultado uno los presentes en la reuni\u00f3n sostuvo: &#8220;Los productores queremos saber en qu\u00e9 se gasta y en qu\u00e9 se gast\u00f3 en los \u00faltimos dos a\u00f1os. Cuando eso ocurra, no tenemos ning\u00fan problema en sumarnos para asesorar y trabajar en el mantenimiento de los caminos&#8221;, concluy\u00f3 con firmeza .<\/p>\n","protected":false},"excerpt":{"rendered":"<p>La Sociedad Rural y m\u00e1s de 120 productores locales rechazaron conformar la Mesa de Trabajo hasta que el Municipio presente el presupuesto y el detalle de los gastos de los \u00faltimos dos&#8230;<\/p>\n","protected":false},"author":1,"featured_media":11550,"comment_status":"open","ping_status":"open","sticky":false,"template":"","format":"standard","meta":{"footnotes":""},"categories":[3],"tags":[],"class_list":["post-11784","post","type-post","status-publish","format-standard","has-post-thumbnail","hentry","category-general"],"_links":{"self":[{"href":"https:\/\/emisoracolon.com.ar\/index.php\/wp-json\/wp\/v2\/posts\/11784","targetHints":{"allow":["GET"]}}],"collection":[{"href":"https:\/\/emisoracolon.com.ar\/index.php\/wp-json\/wp\/v2\/posts"}],"about":[{"href":"https:\/\/emisoracolon.com.ar\/index.php\/wp-json\/wp\/v2\/types\/post"}],"author":[{"embeddable":true,"href":"https:\/\/emisoracolon.com.ar\/index.php\/wp-json\/wp\/v2\/users\/1"}],"replies":[{"embeddable":true,"href":"https:\/\/emisoracolon.com.ar\/index.php\/wp-json\/wp\/v2\/comments?post=11784"}],"version-history":[{"count":1,"href":"https:\/\/emisoracolon.com.ar\/index.php\/wp-json\/wp\/v2\/posts\/11784\/revisions"}],"predecessor-version":[{"id":11785,"href":"https:\/\/emisoracolon.com.ar\/index.php\/wp-json\/wp\/v2\/posts\/11784\/revisions\/11785"}],"wp:featuredmedia":[{"embeddable":true,"href":"https:\/\/emisoracolon.com.ar\/index.php\/wp-json\/wp\/v2\/media\/11550"}],"wp:attachment":[{"href":"https:\/\/emisoracolon.com.ar\/index.php\/wp-json\/wp\/v2\/media?parent=11784"}],"wp:term":[{"taxonomy":"category","embeddable":true,"href":"https:\/\/emisoracolon.com.ar\/index.php\/wp-json\/wp\/v2\/categories?post=11784"},{"taxonomy":"post_tag","embeddable":true,"href":"https:\/\/emisoracolon.com.ar\/index.php\/wp-json\/wp\/v2\/tags?post=11784"}],"curies":[{"name":"wp","href":"https:\/\/api.w.org\/{rel}","templated":true}]}}