{"id":11781,"date":"2026-09-04T18:50:09","date_gmt":"2026-09-04T21:50:09","guid":{"rendered":"https:\/\/emisoracolon.com.ar\/?p=11781"},"modified":"2026-09-04T18:50:09","modified_gmt":"2026-09-04T21:50:09","slug":"salud-mental-en-pearson","status":"publish","type":"post","link":"https:\/\/emisoracolon.com.ar\/index.php\/2026\/09\/04\/salud-mental-en-pearson\/","title":{"rendered":"Salud mental en Pearson"},"content":{"rendered":"\n<p class=\"wp-block-paragraph\">Se hicieron talleres comunitarios para concientizar sobre el uso racional de psicof\u00e1rmacos y combatir la estigmatizaci\u00f3n<\/p>\n\n\n\n<p class=\"wp-block-paragraph\"><em>La Direcci\u00f3n de Salud Mental, en el marco de la Mesa Intersectorial Local, llev\u00f3 a cabo un nuevo encuentro con el objetivo de promover la escucha, la reflexi\u00f3n colectiva y transformar las miradas biol\u00f3gicas e individuales que segregan a las personas.<\/em><\/p>\n\n\n\n<p class=\"wp-block-paragraph\">La localidad de Pearson fue sede de una nueva jornada de sensibilizaci\u00f3n y debate sobre salud mental, enfocada en la importancia del uso racional de psicof\u00e1rmacos y en la necesidad urgente de revisar los discursos sociales que estigmatizan a quienes atraviesan este tipo de problem\u00e1ticas. Las actividades forman parte de un ciclo de talleres que se viene desarrollando de forma sostenida desde el primer semestre del a\u00f1o, buscando construir espacios de acompa\u00f1amiento basados en la comunidad y la inclusi\u00f3n.<\/p>\n\n\n\n<p class=\"wp-block-paragraph\">Los encuentros son impulsados por la Direcci\u00f3n de Salud Mental, un espacio que se consolid\u00f3 en el marco de la Mesa Intersectorial Local para abordar estas tem\u00e1ticas desde una perspectiva integral. Durante el taller, los equipos t\u00e9cnicos y los asistentes pusieron en discusi\u00f3n diversas situaciones de la vida cotidiana donde operan prejuicios que tienden a segregar, aislar o reducir los padecimientos de salud mental a una mirada estrictamente biol\u00f3gica o de responsabilidad individual, invisibilizando los factores sociales, afectivos y del entorno.<\/p>\n\n\n\n<p class=\"wp-block-paragraph\">El prop\u00f3sito central de esta propuesta itinerante, que continuar\u00e1 recorriendo distintas zonas, es generar m\u00e1s espacios de escucha activa donde la palabra circule y se fortalezcan los lazos comunitarios. Desde la organizaci\u00f3n se\u00f1alaron que construir una sociedad verdaderamente inclusiva requiere de un compromiso colectivo para transformar profundamente la manera en que se habla, se piensa y se acompa\u00f1a la salud mental en el d\u00eda a d\u00eda.<\/p>\n","protected":false},"excerpt":{"rendered":"<p>Se hicieron talleres comunitarios para concientizar sobre el uso racional de psicof\u00e1rmacos y combatir la estigmatizaci\u00f3n La Direcci\u00f3n de Salud Mental, en el marco de la Mesa Intersectorial Local, llev\u00f3 a cabo&#8230;<\/p>\n","protected":false},"author":1,"featured_media":11782,"comment_status":"open","ping_status":"open","sticky":false,"template":"","format":"standard","meta":{"footnotes":""},"categories":[3],"tags":[],"class_list":["post-11781","post","type-post","status-publish","format-standard","has-post-thumbnail","hentry","category-general"],"_links":{"self":[{"href":"https:\/\/emisoracolon.com.ar\/index.php\/wp-json\/wp\/v2\/posts\/11781","targetHints":{"allow":["GET"]}}],"collection":[{"href":"https:\/\/emisoracolon.com.ar\/index.php\/wp-json\/wp\/v2\/posts"}],"about":[{"href":"https:\/\/emisoracolon.com.ar\/index.php\/wp-json\/wp\/v2\/types\/post"}],"author":[{"embeddable":true,"href":"https:\/\/emisoracolon.com.ar\/index.php\/wp-json\/wp\/v2\/users\/1"}],"replies":[{"embeddable":true,"href":"https:\/\/emisoracolon.com.ar\/index.php\/wp-json\/wp\/v2\/comments?post=11781"}],"version-history":[{"count":1,"href":"https:\/\/emisoracolon.com.ar\/index.php\/wp-json\/wp\/v2\/posts\/11781\/revisions"}],"predecessor-version":[{"id":11783,"href":"https:\/\/emisoracolon.com.ar\/index.php\/wp-json\/wp\/v2\/posts\/11781\/revisions\/11783"}],"wp:featuredmedia":[{"embeddable":true,"href":"https:\/\/emisoracolon.com.ar\/index.php\/wp-json\/wp\/v2\/media\/11782"}],"wp:attachment":[{"href":"https:\/\/emisoracolon.com.ar\/index.php\/wp-json\/wp\/v2\/media?parent=11781"}],"wp:term":[{"taxonomy":"category","embeddable":true,"href":"https:\/\/emisoracolon.com.ar\/index.php\/wp-json\/wp\/v2\/categories?post=11781"},{"taxonomy":"post_tag","embeddable":true,"href":"https:\/\/emisoracolon.com.ar\/index.php\/wp-json\/wp\/v2\/tags?post=11781"}],"curies":[{"name":"wp","href":"https:\/\/api.w.org\/{rel}","templated":true}]}}