{"id":11778,"date":"2026-09-04T18:48:07","date_gmt":"2026-09-04T21:48:07","guid":{"rendered":"https:\/\/emisoracolon.com.ar\/?p=11778"},"modified":"2026-09-04T18:48:07","modified_gmt":"2026-09-04T21:48:07","slug":"internet-libre-para-sarasa","status":"publish","type":"post","link":"https:\/\/emisoracolon.com.ar\/index.php\/2026\/09\/04\/internet-libre-para-sarasa\/","title":{"rendered":"Internet libre para Sarasa"},"content":{"rendered":"\n<p class=\"wp-block-paragraph\">Sarasa ya cuenta con servicio de internet satelital libre y gratuito para toda la comunidad <em>La iniciativa responde a un hist\u00f3rico pedido de los vecinos y vecinas de la localidad. El sistema cuenta con un soporte de energ\u00eda propio para garantizar la conectividad de forma ininterrumpida, incluso durante fuertes tormentas y emergencias clim\u00e1ticas.<\/em><\/p>\n\n\n\n<p class=\"wp-block-paragraph\">A partir de hoy, la localidad de Sarasa dispone de un nuevo servicio de internet satelital libre y gratuito, destinado al uso de toda la comunidad. La medida busca garantizar el acceso a la conectividad, un recurso que actualmente se considera esencial para el desarrollo de la vida cotidiana, la educaci\u00f3n, el trabajo y la comunicaci\u00f3n de los habitantes del pueblo.<\/p>\n\n\n\n<p class=\"wp-block-paragraph\">La implementaci\u00f3n de este servicio surge como respuesta directa a las solicitudes y necesidades manifestadas por los propios vecinos y vecinas de la zona. Las autoridades locales destacaron que la planificaci\u00f3n y concreci\u00f3n de este proyecto forman parte de un plan estrat\u00e9gico para reducir la brecha digital y estar m\u00e1s cerca de cada comunidad, atendiendo sus demandas hist\u00f3ricas.<\/p>\n\n\n\n<p class=\"wp-block-paragraph\">Una de las caracter\u00edsticas m\u00e1s destacadas de la nueva infraestructura es su capacidad de resiliencia ante contingencias clim\u00e1ticas. Es de p\u00fablico conocimiento que las fuertes tormentas suelen provocar cortes en el suministro de energ\u00eda el\u00e9ctrica en la localidad, dejando a la poblaci\u00f3n incomunicada en los momentos m\u00e1s cr\u00edticos. Para prevenir esta situaci\u00f3n, el sistema de internet satelital fue equipado con un generador el\u00e9ctrico propio. Esto permitir\u00e1 que el servicio contin\u00fae operativo de manera aut\u00f3noma durante situaciones de emergencia, asegurando que el pueblo permanezca conectado cuando m\u00e1s lo necesita.<\/p>\n\n\n\n<p class=\"wp-block-paragraph\">Con esta obra, se consolida un modelo de gesti\u00f3n basado en la escucha activa de la comunidad, transformando los pedidos vecinales en soluciones concretas que mejoran la calidad de vida e integran a Sarasa a la red de conectividad regional.<\/p>\n","protected":false},"excerpt":{"rendered":"<p>Sarasa ya cuenta con servicio de internet satelital libre y gratuito para toda la comunidad La iniciativa responde a un hist\u00f3rico pedido de los vecinos y vecinas de la localidad. El sistema&#8230;<\/p>\n","protected":false},"author":1,"featured_media":11779,"comment_status":"open","ping_status":"open","sticky":false,"template":"","format":"standard","meta":{"footnotes":""},"categories":[3],"tags":[],"class_list":["post-11778","post","type-post","status-publish","format-standard","has-post-thumbnail","hentry","category-general"],"_links":{"self":[{"href":"https:\/\/emisoracolon.com.ar\/index.php\/wp-json\/wp\/v2\/posts\/11778","targetHints":{"allow":["GET"]}}],"collection":[{"href":"https:\/\/emisoracolon.com.ar\/index.php\/wp-json\/wp\/v2\/posts"}],"about":[{"href":"https:\/\/emisoracolon.com.ar\/index.php\/wp-json\/wp\/v2\/types\/post"}],"author":[{"embeddable":true,"href":"https:\/\/emisoracolon.com.ar\/index.php\/wp-json\/wp\/v2\/users\/1"}],"replies":[{"embeddable":true,"href":"https:\/\/emisoracolon.com.ar\/index.php\/wp-json\/wp\/v2\/comments?post=11778"}],"version-history":[{"count":1,"href":"https:\/\/emisoracolon.com.ar\/index.php\/wp-json\/wp\/v2\/posts\/11778\/revisions"}],"predecessor-version":[{"id":11780,"href":"https:\/\/emisoracolon.com.ar\/index.php\/wp-json\/wp\/v2\/posts\/11778\/revisions\/11780"}],"wp:featuredmedia":[{"embeddable":true,"href":"https:\/\/emisoracolon.com.ar\/index.php\/wp-json\/wp\/v2\/media\/11779"}],"wp:attachment":[{"href":"https:\/\/emisoracolon.com.ar\/index.php\/wp-json\/wp\/v2\/media?parent=11778"}],"wp:term":[{"taxonomy":"category","embeddable":true,"href":"https:\/\/emisoracolon.com.ar\/index.php\/wp-json\/wp\/v2\/categories?post=11778"},{"taxonomy":"post_tag","embeddable":true,"href":"https:\/\/emisoracolon.com.ar\/index.php\/wp-json\/wp\/v2\/tags?post=11778"}],"curies":[{"name":"wp","href":"https:\/\/api.w.org\/{rel}","templated":true}]}}