{"id":11776,"date":"2026-09-04T18:47:05","date_gmt":"2026-09-04T21:47:05","guid":{"rendered":"https:\/\/emisoracolon.com.ar\/?p=11776"},"modified":"2026-09-04T18:47:05","modified_gmt":"2026-09-04T21:47:05","slug":"lia-sorazabal-continua-en-la-presidencia","status":"publish","type":"post","link":"https:\/\/emisoracolon.com.ar\/index.php\/2026\/09\/04\/lia-sorazabal-continua-en-la-presidencia\/","title":{"rendered":"L\u00eda Sorazabal contin\u00faa en la presidencia"},"content":{"rendered":"\n<p class=\"wp-block-paragraph\">El Centro de Comerciantes e Industriales de Col\u00f3n (CCIC) dio inicio a un nuevo per\u00edodo institucional tras concretar la renovaci\u00f3n de su Comisi\u00f3n Directiva para el ejercicio 2026. La conformaci\u00f3n final de las autoridades se determin\u00f3 luego de la correspondiente distribuci\u00f3n de cargos, tras la Asamblea General Ordinaria llevada a cabo recientemente.<\/p>\n\n\n\n<p class=\"wp-block-paragraph\">La conducci\u00f3n de la entidad gremial empresaria continuar\u00e1 bajo el liderazgo de L\u00eda Sorazabal Brunet, quien asumi\u00f3 nuevamente la presidencia. En esta nueva etapa, estar\u00e1 secundada por Paolo Bertoluzzi en el cargo de vicepresidente.<\/p>\n\n\n\n<p class=\"wp-block-paragraph\">La nueva Comisi\u00f3n Directiva<\/p>\n\n\n\n<p class=\"wp-block-paragraph\">El organigrama de conducci\u00f3n del CCIC para el presente per\u00edodo qued\u00f3 compuesto de la siguiente manera:<\/p>\n\n\n\n<ul class=\"wp-block-list\">\n<li>Presidenta: L\u00eda Sorazabal Brunet<\/li>\n\n\n\n<li>Vicepresidente: Paolo Bertoluzzi<\/li>\n\n\n\n<li>Secretario: Juan Alb\u00edn<\/li>\n\n\n\n<li>Prosecretario: Marcelo N\u00fa\u00f1ez<\/li>\n\n\n\n<li>Tesorero: Federico Suppo<\/li>\n\n\n\n<li>Protesorero: Adri\u00e1n Fern\u00e1ndez<\/li>\n\n\n\n<li>Vocales Titulares: M\u00f3nica Guizzardi, Alicia Ben\u00edtez y Alicia Dell Giudice.<\/li>\n\n\n\n<li>Vocales Suplentes: Roberto Artigau, Daniel Reybet y Alberto Artigau.<\/li>\n\n\n\n<li><\/li>\n<\/ul>\n\n\n\n<p class=\"wp-block-paragraph\">\u00d3rganos de control y disciplina<\/p>\n\n\n\n<p class=\"wp-block-paragraph\">Asimismo, se definieron los integrantes de las \u00e1reas de fiscalizaci\u00f3n y \u00e9tica de la instituci\u00f3n:<\/p>\n\n\n\n<ul class=\"wp-block-list\">\n<li>Comisi\u00f3n Revisora de Cuentas: Jos\u00e9 Ra\u00fal Bertoni, Giuliana Pastor y Y\u00e9sica Borsi.<\/li>\n\n\n\n<li>Tribunal de Disciplina: Alicia Ferraris, Oscar Tuli\u00e1n, Marina Carballo, Guillermo Berniche y Germ\u00e1n Ravagni.<\/li>\n\n\n\n<li><\/li>\n<\/ul>\n\n\n\n<p class=\"wp-block-paragraph\">Obras en la sede social<\/p>\n\n\n\n<p class=\"wp-block-paragraph\">M\u00e1s all\u00e1 de la renovaci\u00f3n de las autoridades pol\u00edticas, el Centro de Comerciantes mantiene su agenda de trabajo activa en el aspecto edilicio. En este orden, desde la instituci\u00f3n confirmaron que se est\u00e1 impulsando una serie de mejoras y puesta en valor de la fachada en su sede social, ubicada en la calle 47 entre 23 y 24 de nuestra ciudad.<\/p>\n","protected":false},"excerpt":{"rendered":"<p>El Centro de Comerciantes e Industriales de Col\u00f3n (CCIC) dio inicio a un nuevo per\u00edodo institucional tras concretar la renovaci\u00f3n de su Comisi\u00f3n Directiva para el ejercicio 2026. La conformaci\u00f3n final de&#8230;<\/p>\n","protected":false},"author":1,"featured_media":3641,"comment_status":"open","ping_status":"open","sticky":false,"template":"","format":"standard","meta":{"footnotes":""},"categories":[3],"tags":[],"class_list":["post-11776","post","type-post","status-publish","format-standard","has-post-thumbnail","hentry","category-general"],"_links":{"self":[{"href":"https:\/\/emisoracolon.com.ar\/index.php\/wp-json\/wp\/v2\/posts\/11776","targetHints":{"allow":["GET"]}}],"collection":[{"href":"https:\/\/emisoracolon.com.ar\/index.php\/wp-json\/wp\/v2\/posts"}],"about":[{"href":"https:\/\/emisoracolon.com.ar\/index.php\/wp-json\/wp\/v2\/types\/post"}],"author":[{"embeddable":true,"href":"https:\/\/emisoracolon.com.ar\/index.php\/wp-json\/wp\/v2\/users\/1"}],"replies":[{"embeddable":true,"href":"https:\/\/emisoracolon.com.ar\/index.php\/wp-json\/wp\/v2\/comments?post=11776"}],"version-history":[{"count":1,"href":"https:\/\/emisoracolon.com.ar\/index.php\/wp-json\/wp\/v2\/posts\/11776\/revisions"}],"predecessor-version":[{"id":11777,"href":"https:\/\/emisoracolon.com.ar\/index.php\/wp-json\/wp\/v2\/posts\/11776\/revisions\/11777"}],"wp:featuredmedia":[{"embeddable":true,"href":"https:\/\/emisoracolon.com.ar\/index.php\/wp-json\/wp\/v2\/media\/3641"}],"wp:attachment":[{"href":"https:\/\/emisoracolon.com.ar\/index.php\/wp-json\/wp\/v2\/media?parent=11776"}],"wp:term":[{"taxonomy":"category","embeddable":true,"href":"https:\/\/emisoracolon.com.ar\/index.php\/wp-json\/wp\/v2\/categories?post=11776"},{"taxonomy":"post_tag","embeddable":true,"href":"https:\/\/emisoracolon.com.ar\/index.php\/wp-json\/wp\/v2\/tags?post=11776"}],"curies":[{"name":"wp","href":"https:\/\/api.w.org\/{rel}","templated":true}]}}