{"id":11773,"date":"2026-09-03T18:37:19","date_gmt":"2026-09-03T21:37:19","guid":{"rendered":"https:\/\/emisoracolon.com.ar\/?p=11773"},"modified":"2026-09-03T18:37:19","modified_gmt":"2026-09-03T21:37:19","slug":"preparados-para-emergencias","status":"publish","type":"post","link":"https:\/\/emisoracolon.com.ar\/index.php\/2026\/09\/03\/preparados-para-emergencias\/","title":{"rendered":"Preparados para emergencias"},"content":{"rendered":"\n<p class=\"wp-block-paragraph\">El Concejo Deliberante aprob\u00f3 la creaci\u00f3n del Programa Municipal de Capacitaci\u00f3n para la Atenci\u00f3n Inicial de Emergencias, RCP y Desobstrucci\u00f3n de la V\u00eda A\u00e9rea.<\/p>\n\n\n\n<p class=\"wp-block-paragraph\">La iniciativa busca preparar a personas que puedan convertirse en la primera respuesta ante situaciones de emergencia y reducir muertes evitables. Entre los puntos centrales, la ordenanza establece capacitaci\u00f3n obligatoria, permanente y actualizada para personal municipal de seguridad y emergencias, instituciones deportivas, gimnasios, natatorios, espacios recreativos, establecimientos gastron\u00f3micos y lugares de entretenimiento nocturno. Los contenidos incluyen activaci\u00f3n del sistema de emergencias, RCP, maniobra de Heimlich y primeros auxilios ante p\u00e9rdida de conocimiento, tanto cuando exista un paro cardiorrespiratorio como cuando la persona conserve signos vitales. Adem\u00e1s, los establecimientos alcanzados deber\u00e1n garantizar que durante todo su horario de funcionamiento haya al menos una persona capacitada. Para obtener nuevas habilitaciones tambi\u00e9n ser\u00e1 necesario acreditar la capacitaci\u00f3n. La certificaci\u00f3n tendr\u00e1 una vigencia de cuatro a\u00f1os, luego de los cuales deber\u00e1 renovarse. La ordenanza contempla, adem\u00e1s, la disponibilidad y mantenimiento de botiquines de primeros auxilios y la difusi\u00f3n de informaci\u00f3n sobre los servicios de emergencia. Dato destacado: la normativa prev\u00e9 un plazo de 90 d\u00edas para organizar y poner en marcha el programa<\/p>\n","protected":false},"excerpt":{"rendered":"<p>El Concejo Deliberante aprob\u00f3 la creaci\u00f3n del Programa Municipal de Capacitaci\u00f3n para la Atenci\u00f3n Inicial de Emergencias, RCP y Desobstrucci\u00f3n de la V\u00eda A\u00e9rea. La iniciativa busca preparar a personas que puedan&#8230;<\/p>\n","protected":false},"author":1,"featured_media":11774,"comment_status":"open","ping_status":"open","sticky":false,"template":"","format":"standard","meta":{"footnotes":""},"categories":[3],"tags":[],"class_list":["post-11773","post","type-post","status-publish","format-standard","has-post-thumbnail","hentry","category-general"],"_links":{"self":[{"href":"https:\/\/emisoracolon.com.ar\/index.php\/wp-json\/wp\/v2\/posts\/11773","targetHints":{"allow":["GET"]}}],"collection":[{"href":"https:\/\/emisoracolon.com.ar\/index.php\/wp-json\/wp\/v2\/posts"}],"about":[{"href":"https:\/\/emisoracolon.com.ar\/index.php\/wp-json\/wp\/v2\/types\/post"}],"author":[{"embeddable":true,"href":"https:\/\/emisoracolon.com.ar\/index.php\/wp-json\/wp\/v2\/users\/1"}],"replies":[{"embeddable":true,"href":"https:\/\/emisoracolon.com.ar\/index.php\/wp-json\/wp\/v2\/comments?post=11773"}],"version-history":[{"count":1,"href":"https:\/\/emisoracolon.com.ar\/index.php\/wp-json\/wp\/v2\/posts\/11773\/revisions"}],"predecessor-version":[{"id":11775,"href":"https:\/\/emisoracolon.com.ar\/index.php\/wp-json\/wp\/v2\/posts\/11773\/revisions\/11775"}],"wp:featuredmedia":[{"embeddable":true,"href":"https:\/\/emisoracolon.com.ar\/index.php\/wp-json\/wp\/v2\/media\/11774"}],"wp:attachment":[{"href":"https:\/\/emisoracolon.com.ar\/index.php\/wp-json\/wp\/v2\/media?parent=11773"}],"wp:term":[{"taxonomy":"category","embeddable":true,"href":"https:\/\/emisoracolon.com.ar\/index.php\/wp-json\/wp\/v2\/categories?post=11773"},{"taxonomy":"post_tag","embeddable":true,"href":"https:\/\/emisoracolon.com.ar\/index.php\/wp-json\/wp\/v2\/tags?post=11773"}],"curies":[{"name":"wp","href":"https:\/\/api.w.org\/{rel}","templated":true}]}}