{"id":11768,"date":"2026-09-03T18:35:36","date_gmt":"2026-09-03T21:35:36","guid":{"rendered":"https:\/\/emisoracolon.com.ar\/?p=11768"},"modified":"2026-09-03T18:35:36","modified_gmt":"2026-09-03T21:35:36","slug":"magoia-nego-haber-hablado-con-montagna-y-reconocio-dificultades-de-los-vecinos-para-pagar-la-luz","status":"publish","type":"post","link":"https:\/\/emisoracolon.com.ar\/index.php\/2026\/09\/03\/magoia-nego-haber-hablado-con-montagna-y-reconocio-dificultades-de-los-vecinos-para-pagar-la-luz\/","title":{"rendered":"Magoia neg\u00f3 haber hablado con Montagna y reconoci\u00f3 dificultades de los vecinos para pagar la luz"},"content":{"rendered":"\n<p class=\"wp-block-paragraph\">Marcelo Montagna, concejal de La Libertad Avanza, destac\u00f3 en una exposici\u00f3n realizada en el Concejo Deliberante, como un dato positivo de la situaci\u00f3n del pa\u00eds, el cumplimiento de los pagos en la Cooperativa El\u00e9ctrica.<\/p>\n\n\n\n<p class=\"wp-block-paragraph\">Certific\u00f3 que los datos los aportaba en base a la informaci\u00f3n surgida de reuniones mantenidas con integrantes del Consejo de Administraci\u00f3n de la entidad, mencionado a su presidente, Mauricio Magoia. \u201cSi vas a hablar con la Cooperativa El\u00e9ctrica te van a decir que no hay mora. Nunca estuvo tan bien la Cooperativa, sin mora y sin cortes\u201d, lo afirm\u00f3 en su exposici\u00f3n<\/p>\n\n\n\n<p class=\"wp-block-paragraph\">Sin embargo Magoia neg\u00f3 haber hablado con Montagna y reconoci\u00f3 dificultades de los vecinos para pagar la luz<\/p>\n\n\n\n<p class=\"wp-block-paragraph\">Magoia neg\u00f3 haber hablado con Montagna sobre la situaci\u00f3n de la Cooperativa y aclar\u00f3 que ning\u00fan concejal se acerc\u00f3 a consultar formalmente sobre el tema.<\/p>\n\n\n\n<p class=\"wp-block-paragraph\">Reconoci\u00f3 que existe morosidad y dificultades para pagar. Explic\u00f3 que la situaci\u00f3n econ\u00f3mica de los vecinos se ha complicado y que los salarios perdieron poder adquisitivo, mientras algunas empresas atraviesan dificultades o incluso cierran.<\/p>\n\n\n\n<p class=\"wp-block-paragraph\">Un dato especialmente relevante es que el \u00edndice de cobranza de la Cooperativa est\u00e1 entre el 92% y el 94%, que Magoia considera elevado teniendo en cuenta el contexto econ\u00f3mico.<\/p>\n\n\n\n<p class=\"wp-block-paragraph\">Tambi\u00e9n explic\u00f3 que, en promedio, la deuda de los usuarios suele equivaler a un mes y medio de facturaci\u00f3n, mientras que actualmente se ubica aproximadamente en un mes.<\/p>\n\n\n\n<p class=\"wp-block-paragraph\">La Cooperativa mantiene una pol\u00edtica flexible con quienes tienen dificultades: busca que el usuario pague lo que pueda y permite refinanciar el resto en dos o tres cuotas, incluso sin intereses cuando se trata de plazos cortos.<\/p>\n\n\n\n<p class=\"wp-block-paragraph\">Magoia confirm\u00f3 que hay personas que concurren habitualmente a la Cooperativa para negociar sus deudas y que la cantidad de acuerdos var\u00eda de acuerdo con la situaci\u00f3n econ\u00f3mica.<\/p>\n\n\n\n<p class=\"wp-block-paragraph\">Respecto de los cortes, se\u00f1al\u00f3 que son permanentes y que, seg\u00fan informaci\u00f3n que recibi\u00f3, pueden registrarse alrededor de 30 cortes diarios, aunque muchos se solucionan mediante acuerdos.<\/p>\n\n\n\n<p class=\"wp-block-paragraph\">En cuanto al sector productivo, reconoci\u00f3 que hay empresas y comercios que se atrasan. Incluso mencion\u00f3 el caso reciente de una empresa importante que cerr\u00f3 y dej\u00f3 una deuda significativa con la Cooperativa.<\/p>\n\n\n\n<p class=\"wp-block-paragraph\">El dato central que surge de las explicaciones dadas por el presidente del Consejo de Administraci\u00f3n es que la Cooperativa mantiene un nivel de cobranza elevado, pero eso no significa que no exista morosidad ni que los usuarios no tengan dificultades para pagar.<\/p>\n\n\n\n<p class=\"wp-block-paragraph\">De hecho, el propio Magoia describe una situaci\u00f3n econ\u00f3mica complicada y confirma la existencia de refinanciaciones, cortes y usuarios que concurren a buscar alternativas para sostener el servicio. Del lado del oficialismo en el HCD se\u00f1alaron que muchos vecinos van a la Municipalidad en busca de ayuda o recursos para poder mantener el servicio.<\/p>\n","protected":false},"excerpt":{"rendered":"<p>Marcelo Montagna, concejal de La Libertad Avanza, destac\u00f3 en una exposici\u00f3n realizada en el Concejo Deliberante, como un dato positivo de la situaci\u00f3n del pa\u00eds, el cumplimiento de los pagos en la&#8230;<\/p>\n","protected":false},"author":1,"featured_media":2221,"comment_status":"open","ping_status":"open","sticky":false,"template":"","format":"standard","meta":{"footnotes":""},"categories":[3],"tags":[],"class_list":["post-11768","post","type-post","status-publish","format-standard","has-post-thumbnail","hentry","category-general"],"_links":{"self":[{"href":"https:\/\/emisoracolon.com.ar\/index.php\/wp-json\/wp\/v2\/posts\/11768","targetHints":{"allow":["GET"]}}],"collection":[{"href":"https:\/\/emisoracolon.com.ar\/index.php\/wp-json\/wp\/v2\/posts"}],"about":[{"href":"https:\/\/emisoracolon.com.ar\/index.php\/wp-json\/wp\/v2\/types\/post"}],"author":[{"embeddable":true,"href":"https:\/\/emisoracolon.com.ar\/index.php\/wp-json\/wp\/v2\/users\/1"}],"replies":[{"embeddable":true,"href":"https:\/\/emisoracolon.com.ar\/index.php\/wp-json\/wp\/v2\/comments?post=11768"}],"version-history":[{"count":1,"href":"https:\/\/emisoracolon.com.ar\/index.php\/wp-json\/wp\/v2\/posts\/11768\/revisions"}],"predecessor-version":[{"id":11769,"href":"https:\/\/emisoracolon.com.ar\/index.php\/wp-json\/wp\/v2\/posts\/11768\/revisions\/11769"}],"wp:featuredmedia":[{"embeddable":true,"href":"https:\/\/emisoracolon.com.ar\/index.php\/wp-json\/wp\/v2\/media\/2221"}],"wp:attachment":[{"href":"https:\/\/emisoracolon.com.ar\/index.php\/wp-json\/wp\/v2\/media?parent=11768"}],"wp:term":[{"taxonomy":"category","embeddable":true,"href":"https:\/\/emisoracolon.com.ar\/index.php\/wp-json\/wp\/v2\/categories?post=11768"},{"taxonomy":"post_tag","embeddable":true,"href":"https:\/\/emisoracolon.com.ar\/index.php\/wp-json\/wp\/v2\/tags?post=11768"}],"curies":[{"name":"wp","href":"https:\/\/api.w.org\/{rel}","templated":true}]}}