{"id":11765,"date":"2026-09-03T18:35:14","date_gmt":"2026-09-03T21:35:14","guid":{"rendered":"https:\/\/emisoracolon.com.ar\/?p=11765"},"modified":"2026-09-03T18:35:14","modified_gmt":"2026-09-03T21:35:14","slug":"emanuel-salomon-hizo-cumbre-en-el-monte-elbrus","status":"publish","type":"post","link":"https:\/\/emisoracolon.com.ar\/index.php\/2026\/09\/03\/emanuel-salomon-hizo-cumbre-en-el-monte-elbrus\/","title":{"rendered":"Emanuel Salom\u00f3n hizo cumbre en el monte Elbrus"},"content":{"rendered":"\n<p class=\"wp-block-paragraph\">El escalador colonense alcanz\u00f3 los 5.642 metros de la monta\u00f1a m\u00e1s alta de Rusia y uno de los grandes desaf\u00edos del monta\u00f1ismo europeo. Durante la expedici\u00f3n impuls\u00f3 una campa\u00f1a para ayudar a Gian Cabrera a adquirir una silla de ruedas ultraliviana.<\/p>\n\n\n\n<p class=\"wp-block-paragraph\">El escalador colonense Emanuel Salom\u00f3n alcanz\u00f3 la cumbre del monte Elbrus, en la cordillera del C\u00e1ucaso, una de las grandes referencias del monta\u00f1ismo mundial y el punto m\u00e1s elevado de Rusia, con 5.642 metros sobre el nivel del mar.<\/p>\n\n\n\n<p class=\"wp-block-paragraph\">Pero el desaf\u00edo tuvo, adem\u00e1s, un objetivo solidario. Salom\u00f3n decidi\u00f3 aprovechar la expedici\u00f3n para colaborar con Gian Cabrera, un joven de nuestra ciudad con discapacidad motriz que necesita reunir fondos para adquirir una silla de ruedas ultraliviana de autopropulsi\u00f3n.<\/p>\n\n\n\n<p class=\"wp-block-paragraph\">Durante el ascenso, el monta\u00f1ista fue compartiendo distintas etapas de la traves\u00eda a trav\u00e9s de las redes sociales y mantuvo visible la campa\u00f1a solidaria. Las donaciones recibidas fueron destinadas \u00edntegramente al objetivo de ayudar a Cabrera.<\/p>\n\n\n\n<p class=\"wp-block-paragraph\">La expedici\u00f3n present\u00f3 condiciones especialmente exigentes, con temperaturas cercanas a los 20 grados bajo cero y una cumbre cubierta de nieve. Alcanzar la cima signific\u00f3 para Salom\u00f3n completar otro importante desaf\u00edo deportivo, aunque reconoci\u00f3 que todav\u00eda le cuesta dimensionar lo conseguido.<\/p>\n\n\n\n<p class=\"wp-block-paragraph\">\u201cMe cuesta emocionarme todav\u00eda. No logro entender lo que logr\u00e9 porque est\u00e1s en un sentido tan de supervivencia y alerta ah\u00ed arriba que te lleva mucho tiempo despu\u00e9s soltarte y decir: \u2018Bueno, ya est\u00e1, estoy a salvo, estoy bien, lo hice\u2019\u201d, explic\u00f3.<\/p>\n\n\n\n<p class=\"wp-block-paragraph\">Una preparaci\u00f3n de nueve meses<\/p>\n\n\n\n<p class=\"wp-block-paragraph\">La experiencia requiri\u00f3 una intensa preparaci\u00f3n f\u00edsica y mental. Salom\u00f3n cont\u00f3 que comenz\u00f3 a entrenarse de manera espec\u00edfica nueve meses antes de la expedici\u00f3n, incorporando cambios en su alimentaci\u00f3n y una exigente rutina de fuerza y resistencia.<\/p>\n\n\n\n<p class=\"wp-block-paragraph\">\u201cFui casi al borde de lo obsesivo, pero en el buen sentido. Hice mucho entrenamiento de fuerza y cardiovascular de resistencia, pr\u00e1cticamente seis veces a la semana, con un d\u00eda de descanso\u201d, relat\u00f3.<\/p>\n\n\n\n<p class=\"wp-block-paragraph\">Para el escalador, sin embargo, la preparaci\u00f3n f\u00edsica es solamente una parte del desaf\u00edo. \u201cEn este tipo de situaciones, lo mental juega un gran papel. Es esencial\u201d, sostuvo.<\/p>\n\n\n\n<p class=\"wp-block-paragraph\">Salom\u00f3n tambi\u00e9n destac\u00f3 la importancia de realizar este tipo de ascensos acompa\u00f1ado por profesionales. Para su experiencia en el monta\u00f1ismo de altura recurri\u00f3 a una empresa especializada de Mendoza, cuyos gu\u00edas lo asesoraron desde la elecci\u00f3n del equipamiento hasta cada una de las etapas de la expedici\u00f3n.<\/p>\n\n\n\n<p class=\"wp-block-paragraph\">El nuevo desaf\u00edo tambi\u00e9n permiti\u00f3 recordar otro hito del monta\u00f1ismo colonense: el antecedente de Silvio Barbieri, quien, seg\u00fan el propio Salom\u00f3n, le manifest\u00f3 haber alcanzado la cumbre del Aconcagua en 1998.<\/p>\n\n\n\n<p class=\"wp-block-paragraph\">Salom\u00f3n aclar\u00f3 que no conoce con certeza si existe un registro oficial de aquella ascensi\u00f3n, aunque destac\u00f3 que Barbieri realiz\u00f3 varios intentos y que prefiri\u00f3 no restarle importancia a ese antecedente.<\/p>\n\n\n\n<p class=\"wp-block-paragraph\">El Aconcagua, con sus 6.961 metros, presenta una dificultad diferente por su mayor altura. Salom\u00f3n record\u00f3 que, en la expedici\u00f3n de la que particip\u00f3, de un grupo de 14 personas solamente cuatro lograron alcanzar la cumbre.<\/p>\n\n\n\n<p class=\"wp-block-paragraph\">El ascenso al Elbrus suma ahora otro cap\u00edtulo a la historia de los colonenses vinculados al monta\u00f1ismo y, en este caso, incorpora un componente que trasciende lo deportivo: el desaf\u00edo de llegar a una de las cumbres m\u00e1s importantes de Europa sirvi\u00f3 tambi\u00e9n para visibilizar una causa solidaria y ayudar a un vecino de nuestra ciudad.<\/p>\n","protected":false},"excerpt":{"rendered":"<p>El escalador colonense alcanz\u00f3 los 5.642 metros de la monta\u00f1a m\u00e1s alta de Rusia y uno de los grandes desaf\u00edos del monta\u00f1ismo europeo. Durante la expedici\u00f3n impuls\u00f3 una campa\u00f1a para ayudar a&#8230;<\/p>\n","protected":false},"author":1,"featured_media":11766,"comment_status":"open","ping_status":"open","sticky":false,"template":"","format":"standard","meta":{"footnotes":""},"categories":[6,3],"tags":[],"class_list":["post-11765","post","type-post","status-publish","format-standard","has-post-thumbnail","hentry","category-deportes","category-general"],"_links":{"self":[{"href":"https:\/\/emisoracolon.com.ar\/index.php\/wp-json\/wp\/v2\/posts\/11765","targetHints":{"allow":["GET"]}}],"collection":[{"href":"https:\/\/emisoracolon.com.ar\/index.php\/wp-json\/wp\/v2\/posts"}],"about":[{"href":"https:\/\/emisoracolon.com.ar\/index.php\/wp-json\/wp\/v2\/types\/post"}],"author":[{"embeddable":true,"href":"https:\/\/emisoracolon.com.ar\/index.php\/wp-json\/wp\/v2\/users\/1"}],"replies":[{"embeddable":true,"href":"https:\/\/emisoracolon.com.ar\/index.php\/wp-json\/wp\/v2\/comments?post=11765"}],"version-history":[{"count":1,"href":"https:\/\/emisoracolon.com.ar\/index.php\/wp-json\/wp\/v2\/posts\/11765\/revisions"}],"predecessor-version":[{"id":11767,"href":"https:\/\/emisoracolon.com.ar\/index.php\/wp-json\/wp\/v2\/posts\/11765\/revisions\/11767"}],"wp:featuredmedia":[{"embeddable":true,"href":"https:\/\/emisoracolon.com.ar\/index.php\/wp-json\/wp\/v2\/media\/11766"}],"wp:attachment":[{"href":"https:\/\/emisoracolon.com.ar\/index.php\/wp-json\/wp\/v2\/media?parent=11765"}],"wp:term":[{"taxonomy":"category","embeddable":true,"href":"https:\/\/emisoracolon.com.ar\/index.php\/wp-json\/wp\/v2\/categories?post=11765"},{"taxonomy":"post_tag","embeddable":true,"href":"https:\/\/emisoracolon.com.ar\/index.php\/wp-json\/wp\/v2\/tags?post=11765"}],"curies":[{"name":"wp","href":"https:\/\/api.w.org\/{rel}","templated":true}]}}