{"id":11763,"date":"2026-09-03T18:34:02","date_gmt":"2026-09-03T21:34:02","guid":{"rendered":"https:\/\/emisoracolon.com.ar\/?p=11763"},"modified":"2026-09-03T18:34:02","modified_gmt":"2026-09-03T21:34:02","slug":"diego-ortega-y-aldana-silveyra-subcampeones-mundiales-de-tango-escenario","status":"publish","type":"post","link":"https:\/\/emisoracolon.com.ar\/index.php\/2026\/09\/03\/diego-ortega-y-aldana-silveyra-subcampeones-mundiales-de-tango-escenario\/","title":{"rendered":"Diego Ortega y Aldana Silveyra, subcampeones mundiales de Tango Escenario"},"content":{"rendered":"\n<p class=\"wp-block-paragraph\">Diego Ortega y Aldana Silveyra, subcampeones mundiales de Tango Escenario con lo cual la pareja colonense qued\u00f3 en las puertas de la consagraci\u00f3n en la final disputada el martes 2 de septiembre en el Teatro Gran Rex.<\/p>\n\n\n\n<p class=\"wp-block-paragraph\">Nicol\u00e1s Schell y Nair Schinca se quedaron con el t\u00edtulo se impusieron en una definici\u00f3n que reuni\u00f3 a 20 parejas de distintos lugares del mundo. Los bailarines llegaron a esta instancia luego de superar las diferentes etapas clasificatorias, los cuartos de final y las semifinales.<\/p>\n\n\n\n<p class=\"wp-block-paragraph\">De esta manera, Ortega y Silveyra quedaron muy cerca de alcanzar un nuevo t\u00edtulo mundial, luego de una destacada participaci\u00f3n en una especialidad que presenta caracter\u00edsticas muy diferentes al Tango de Pista, especialidad en la que fueron campeones el a\u00f1o pasado.<\/p>\n\n\n\n<p class=\"wp-block-paragraph\">El Mundial de Tango BA contempla dos categor\u00edas principales: Tango de Pista y Tango Escenario. Mientras la primera privilegia la improvisaci\u00f3n, el abrazo constante y la circulaci\u00f3n propia de la milonga, el Tango Escenario se caracteriza por las coreograf\u00edas ensayadas, el despliegue teatral y la incorporaci\u00f3n de figuras de mayor dificultad t\u00e9cnica y acrob\u00e1tica.<\/p>\n\n\n\n<p class=\"wp-block-paragraph\">La edici\u00f3n 2026 cont\u00f3 con parejas clasificadas a trav\u00e9s de las 26 preliminares realizadas en la Argentina y el exterior, adem\u00e1s de aquellas que accedieron mediante el Campeonato de Baile de la Ciudad.<\/p>\n\n\n\n<p class=\"wp-block-paragraph\">La categor\u00eda Tango de Pista ya hab\u00eda definido a sus campeones el 1 de septiembre, cuando Lucas Gauto, de Argentina, y Naima Gerasopoulou, de Grecia, se quedaron con el t\u00edtulo en una final disputada tambi\u00e9n en el Teatro Gran Rex.<\/p>\n\n\n\n<p class=\"wp-block-paragraph\">Un antecedente que jerarquiza el logro<\/p>\n\n\n\n<p class=\"wp-block-paragraph\">El subcampeonato adquiere especial relevancia por la trayectoria de Diego Ortega. El a\u00f1o pasado, el bailar\u00edn colonense se consagr\u00f3 campe\u00f3n mundial de Tango de Pista junto a su actual pareja, Aldana Silveyra.<\/p>\n\n\n\n<p class=\"wp-block-paragraph\">Adem\u00e1s, Ortega cuenta con un antecedente singular: en 2010 fue campe\u00f3n mundial de Tango Escenario, en aquella oportunidad junto a la bailarina japonesa Chizuko Kuwamoto.<\/p>\n\n\n\n<p class=\"wp-block-paragraph\">Con este nuevo podio, el colonense vuelve a quedar entre los m\u00e1ximos exponentes de una competencia que re\u00fane cada a\u00f1o a los mejores bailarines de tango del mundo y suma otro cap\u00edtulo destacado a una trayectoria que lo ubica entre las grandes figuras surgidas de nuestra ciudad.<\/p>\n","protected":false},"excerpt":{"rendered":"<p>Diego Ortega y Aldana Silveyra, subcampeones mundiales de Tango Escenario con lo cual la pareja colonense qued\u00f3 en las puertas de la consagraci\u00f3n en la final disputada el martes 2 de septiembre&#8230;<\/p>\n","protected":false},"author":1,"featured_media":3306,"comment_status":"open","ping_status":"open","sticky":false,"template":"","format":"standard","meta":{"footnotes":""},"categories":[7,3],"tags":[],"class_list":["post-11763","post","type-post","status-publish","format-standard","has-post-thumbnail","hentry","category-cultura","category-general"],"_links":{"self":[{"href":"https:\/\/emisoracolon.com.ar\/index.php\/wp-json\/wp\/v2\/posts\/11763","targetHints":{"allow":["GET"]}}],"collection":[{"href":"https:\/\/emisoracolon.com.ar\/index.php\/wp-json\/wp\/v2\/posts"}],"about":[{"href":"https:\/\/emisoracolon.com.ar\/index.php\/wp-json\/wp\/v2\/types\/post"}],"author":[{"embeddable":true,"href":"https:\/\/emisoracolon.com.ar\/index.php\/wp-json\/wp\/v2\/users\/1"}],"replies":[{"embeddable":true,"href":"https:\/\/emisoracolon.com.ar\/index.php\/wp-json\/wp\/v2\/comments?post=11763"}],"version-history":[{"count":1,"href":"https:\/\/emisoracolon.com.ar\/index.php\/wp-json\/wp\/v2\/posts\/11763\/revisions"}],"predecessor-version":[{"id":11764,"href":"https:\/\/emisoracolon.com.ar\/index.php\/wp-json\/wp\/v2\/posts\/11763\/revisions\/11764"}],"wp:featuredmedia":[{"embeddable":true,"href":"https:\/\/emisoracolon.com.ar\/index.php\/wp-json\/wp\/v2\/media\/3306"}],"wp:attachment":[{"href":"https:\/\/emisoracolon.com.ar\/index.php\/wp-json\/wp\/v2\/media?parent=11763"}],"wp:term":[{"taxonomy":"category","embeddable":true,"href":"https:\/\/emisoracolon.com.ar\/index.php\/wp-json\/wp\/v2\/categories?post=11763"},{"taxonomy":"post_tag","embeddable":true,"href":"https:\/\/emisoracolon.com.ar\/index.php\/wp-json\/wp\/v2\/tags?post=11763"}],"curies":[{"name":"wp","href":"https:\/\/api.w.org\/{rel}","templated":true}]}}