{"id":11759,"date":"2026-09-02T18:43:20","date_gmt":"2026-09-02T21:43:20","guid":{"rendered":"https:\/\/emisoracolon.com.ar\/?p=11759"},"modified":"2026-09-02T18:43:20","modified_gmt":"2026-09-02T21:43:20","slug":"cruce-de-concejales-por-la-situacion-economica-y-las-facturas-de-luz","status":"publish","type":"post","link":"https:\/\/emisoracolon.com.ar\/index.php\/2026\/09\/02\/cruce-de-concejales-por-la-situacion-economica-y-las-facturas-de-luz\/","title":{"rendered":"Cruce de concejales por la situaci\u00f3n econ\u00f3mica y las facturas de luz"},"content":{"rendered":"\n<p class=\"wp-block-paragraph\">El debate sobre las pol\u00edticas econ\u00f3micas del Gobierno nacional deriv\u00f3 en un intercambio sobre la situaci\u00f3n de los vecinos y su capacidad para afrontar el pago de los servicios. Montagna sostuvo que la ausencia de mora en la Cooperativa El\u00e9ctrica es un indicador positivo, mientras que desde la oposici\u00f3n plantearon una realidad diferente.<\/p>\n\n\n\n<p class=\"wp-block-paragraph\">En el marco de la discusi\u00f3n sobre los efectos de las pol\u00edticas econ\u00f3micas nacionales en Col\u00f3n, el concejal Marcelo Montagna, de La Libertad Avanza, destac\u00f3 como un dato positivo la situaci\u00f3n de los pagos en la Cooperativa El\u00e9ctrica.<\/p>\n\n\n\n<p class=\"wp-block-paragraph\">Seg\u00fan se\u00f1al\u00f3, la informaci\u00f3n surgi\u00f3 de reuniones mantenidas con integrantes del Consejo de Administraci\u00f3n de la entidad, entre ellos su presidente, Mauricio Magoia. \u201cSi vas a hablar con la Cooperativa El\u00e9ctrica te van a decir que no hay mora. Nunca estuvo tan bien la Cooperativa, sin mora y sin cortes\u201d, afirm\u00f3.<\/p>\n\n\n\n<p class=\"wp-block-paragraph\">La apreciaci\u00f3n fue cuestionada por Nicol\u00e1s Luj\u00e1n, quien asegur\u00f3 que la realidad que observa es diferente. Sostuvo que diariamente concurren vecinos a la Cooperativa para solicitar refinanciaciones con el objetivo de evitar cortes del suministro el\u00e9ctrico.<\/p>\n\n\n\n<p class=\"wp-block-paragraph\">Montagna insisti\u00f3 en que sus dichos se basaban en informaci\u00f3n brindada por integrantes del Consejo de Administraci\u00f3n y consider\u00f3 que los distintos bloques estaban observando realidades diferentes.<\/p>\n\n\n\n<p class=\"wp-block-paragraph\">La concejal Brenda Sarmoria tambi\u00e9n rechaz\u00f3 esa interpretaci\u00f3n y se\u00f1al\u00f3 que desde las \u00e1reas municipales se recibe cotidianamente a personas que solicitan asistencia para poder afrontar el pago de las facturas de electricidad.<\/p>\n\n\n\n<p class=\"wp-block-paragraph\">En ese sentido, cuestion\u00f3 que puedan observarse beneficios concretos de las pol\u00edticas econ\u00f3micas nacionales para pymes, emprendedores y empresas. Mencion\u00f3 las dificultades para afrontar salarios, la ca\u00edda del consumo y el acortamiento de los plazos para el pago de las facturas de servicios.<\/p>\n\n\n\n<p class=\"wp-block-paragraph\">El intercambio volvi\u00f3 a poner de manifiesto las diferentes lecturas de los bloques sobre la situaci\u00f3n econ\u00f3mica: mientras Montagna tom\u00f3 como referencia la informaci\u00f3n de la Cooperativa para se\u00f1alar una mejora, Luj\u00e1n y Sarmoria plantearon las dificultades que observan entre vecinos y sectores productivos para afrontar los gastos cotidianos.<\/p>\n\n\n\n<p class=\"wp-block-paragraph\"><strong>02\/09\/26 C\u00e1nepa cuestion\u00f3 la falta de recursos para las rutas nacionales<\/strong><\/p>\n\n\n\n<p class=\"wp-block-paragraph\">El concejal se refiri\u00f3 a la exposici\u00f3n del intendente Waldemar Giordano en el Congreso y advirti\u00f3 sobre la reducci\u00f3n de fondos destinados al mantenimiento de las rutas nacionales. Morales traslad\u00f3 el debate al estado de los caminos rurales y al destino de la Tasa de Red Vial.<\/p>\n\n\n\n<p class=\"wp-block-paragraph\">El concejal Mat\u00edas C\u00e1nepa se refiri\u00f3 a la participaci\u00f3n del intendente Waldemar Giordano en la Comisi\u00f3n de Obras P\u00fablicas del Congreso y a un informe de la Federaci\u00f3n de Personal de Vialidad Nacional sobre los recursos destinados al mantenimiento de las rutas nacionales.<\/p>\n\n\n\n<p class=\"wp-block-paragraph\">Seg\u00fan los datos citados por el edil, durante la gesti\u00f3n de Javier Milei se habr\u00edan recaudado 11,2 billones de pesos en impuestos al combustible, de los cuales alrededor de $1,6 billones deber\u00edan destinarse al mantenimiento vial. Sin embargo, sostuvo que solo se habr\u00edan ejecutado unos $530.000 millones, dejando una diferencia superior al bill\u00f3n de pesos.<\/p>\n\n\n\n<p class=\"wp-block-paragraph\">C\u00e1nepa advirti\u00f3 que la falta de mantenimiento de las rutas nacionales representa un riesgo para quienes circulan por ellas y tambi\u00e9n genera mayores costos por reparaciones de veh\u00edculos, transporte y eventuales accidentes.<\/p>\n\n\n\n<p class=\"wp-block-paragraph\">Asimismo, se\u00f1al\u00f3 que 112 proyectos quedaron sin presupuesto y que dejaron de ejecutarse programas vinculados con seguridad vial, puentes y alcantarillas. En ese marco, reclam\u00f3 acompa\u00f1amiento a los pedidos formulados desde Col\u00f3n para mejorar el estado de las rutas nacionales y respuestas sobre los recursos destinados a esas obras.<\/p>\n\n\n\n<p class=\"wp-block-paragraph\">Tras escuchar la exposici\u00f3n, la concejal Milagros Morales plante\u00f3 un interrogante diferente, aunque relacionado con la problem\u00e1tica general del mantenimiento vial. En este caso, puso el foco en los caminos rurales del distrito y en el destino de los fondos recaudados mediante la Tasa de Red Vial, que abonan los propietarios rurales.<\/p>\n\n\n\n<p class=\"wp-block-paragraph\">Morales pregunt\u00f3 \u201ca d\u00f3nde va ese dinero\u201d y record\u00f3 el caso reciente de un vecino que \u201csalv\u00f3 su vida de milagro\u201d luego de caer con su veh\u00edculo en un pozo de un camino rural sin mantenimiento.<\/p>\n","protected":false},"excerpt":{"rendered":"<p>El debate sobre las pol\u00edticas econ\u00f3micas del Gobierno nacional deriv\u00f3 en un intercambio sobre la situaci\u00f3n de los vecinos y su capacidad para afrontar el pago de los servicios. Montagna sostuvo que&#8230;<\/p>\n","protected":false},"author":1,"featured_media":371,"comment_status":"open","ping_status":"open","sticky":false,"template":"","format":"standard","meta":{"footnotes":""},"categories":[3,5],"tags":[],"class_list":["post-11759","post","type-post","status-publish","format-standard","has-post-thumbnail","hentry","category-general","category-politica_local"],"_links":{"self":[{"href":"https:\/\/emisoracolon.com.ar\/index.php\/wp-json\/wp\/v2\/posts\/11759","targetHints":{"allow":["GET"]}}],"collection":[{"href":"https:\/\/emisoracolon.com.ar\/index.php\/wp-json\/wp\/v2\/posts"}],"about":[{"href":"https:\/\/emisoracolon.com.ar\/index.php\/wp-json\/wp\/v2\/types\/post"}],"author":[{"embeddable":true,"href":"https:\/\/emisoracolon.com.ar\/index.php\/wp-json\/wp\/v2\/users\/1"}],"replies":[{"embeddable":true,"href":"https:\/\/emisoracolon.com.ar\/index.php\/wp-json\/wp\/v2\/comments?post=11759"}],"version-history":[{"count":1,"href":"https:\/\/emisoracolon.com.ar\/index.php\/wp-json\/wp\/v2\/posts\/11759\/revisions"}],"predecessor-version":[{"id":11760,"href":"https:\/\/emisoracolon.com.ar\/index.php\/wp-json\/wp\/v2\/posts\/11759\/revisions\/11760"}],"wp:featuredmedia":[{"embeddable":true,"href":"https:\/\/emisoracolon.com.ar\/index.php\/wp-json\/wp\/v2\/media\/371"}],"wp:attachment":[{"href":"https:\/\/emisoracolon.com.ar\/index.php\/wp-json\/wp\/v2\/media?parent=11759"}],"wp:term":[{"taxonomy":"category","embeddable":true,"href":"https:\/\/emisoracolon.com.ar\/index.php\/wp-json\/wp\/v2\/categories?post=11759"},{"taxonomy":"post_tag","embeddable":true,"href":"https:\/\/emisoracolon.com.ar\/index.php\/wp-json\/wp\/v2\/tags?post=11759"}],"curies":[{"name":"wp","href":"https:\/\/api.w.org\/{rel}","templated":true}]}}