{"id":11754,"date":"2026-09-02T18:42:21","date_gmt":"2026-09-02T21:42:21","guid":{"rendered":"https:\/\/emisoracolon.com.ar\/?p=11754"},"modified":"2026-09-02T18:42:21","modified_gmt":"2026-09-02T21:42:21","slug":"colon-se-prepara-para-una-nueva-gran-feria-de-artesanos-y-emprendedores","status":"publish","type":"post","link":"https:\/\/emisoracolon.com.ar\/index.php\/2026\/09\/02\/colon-se-prepara-para-una-nueva-gran-feria-de-artesanos-y-emprendedores\/","title":{"rendered":"Col\u00f3n se prepara para una nueva Gran Feria de artesanos y emprendedores"},"content":{"rendered":"\n<p class=\"wp-block-paragraph\">El evento se realizar\u00e1 el domingo 13 de septiembre en la Plaza San Mart\u00edn. Quienes deseen participar con su puesto tienen tiempo de inscribirse hasta el 10 de septiembre.<\/p>\n\n\n\n<p class=\"wp-block-paragraph\">La Plaza San Mart\u00edn volver\u00e1 a convertirse en el punto de encuentro de la comunidad con la llegada de una nueva edici\u00f3n de la Gran Feria. Este evento busca consolidar un espacio de intercambio y visibilizaci\u00f3n para que los artesanos, emprendedores y gastron\u00f3micos locales puedan compartir, mostrar y ofrecer todo el potencial de su producci\u00f3n.<\/p>\n\n\n\n<p class=\"wp-block-paragraph\">La jornada central se desarrollar\u00e1 el domingo 13 de septiembre a partir de las 14:00 horas. Vecinos y visitantes podr\u00e1n disfrutar de una tarde al aire libre con una propuesta comercial, cultural y gastron\u00f3mica variada para toda la familia.<\/p>\n\n\n\n<p class=\"wp-block-paragraph\">Convocatoria abierta para feriantes<\/p>\n\n\n\n<p class=\"wp-block-paragraph\">Desde la organizaci\u00f3n informaron que ya se encuentra abierta la convocatoria para todos aquellos que deseen sumarse con su puesto.<\/p>\n\n\n\n<ul class=\"wp-block-list\">\n<li>Lugar de inscripci\u00f3n: Direcci\u00f3n de Producci\u00f3n y Empleo (calle 49 y 16).<\/li>\n\n\n\n<li>D\u00edas y horarios: De lunes a viernes, en el horario de 7:00 a 13:00 horas.<\/li>\n\n\n\n<li>Fecha l\u00edmite: Hay tiempo de anotarse hasta el jueves 10 de septiembre.<\/li>\n<\/ul>\n\n\n\n<p class=\"wp-block-paragraph\">Para resolver dudas, realizar consultas o solicitar m\u00e1s informaci\u00f3n sobre los requisitos de participaci\u00f3n, las v\u00edas de contacto de la oficina gubernamental est\u00e1n abiertas a trav\u00e9s del tel\u00e9fono 423337.<\/p>\n","protected":false},"excerpt":{"rendered":"<p>El evento se realizar\u00e1 el domingo 13 de septiembre en la Plaza San Mart\u00edn. Quienes deseen participar con su puesto tienen tiempo de inscribirse hasta el 10 de septiembre. La Plaza San&#8230;<\/p>\n","protected":false},"author":1,"featured_media":11755,"comment_status":"open","ping_status":"open","sticky":false,"template":"","format":"standard","meta":{"footnotes":""},"categories":[7,3],"tags":[],"class_list":["post-11754","post","type-post","status-publish","format-standard","has-post-thumbnail","hentry","category-cultura","category-general"],"_links":{"self":[{"href":"https:\/\/emisoracolon.com.ar\/index.php\/wp-json\/wp\/v2\/posts\/11754","targetHints":{"allow":["GET"]}}],"collection":[{"href":"https:\/\/emisoracolon.com.ar\/index.php\/wp-json\/wp\/v2\/posts"}],"about":[{"href":"https:\/\/emisoracolon.com.ar\/index.php\/wp-json\/wp\/v2\/types\/post"}],"author":[{"embeddable":true,"href":"https:\/\/emisoracolon.com.ar\/index.php\/wp-json\/wp\/v2\/users\/1"}],"replies":[{"embeddable":true,"href":"https:\/\/emisoracolon.com.ar\/index.php\/wp-json\/wp\/v2\/comments?post=11754"}],"version-history":[{"count":1,"href":"https:\/\/emisoracolon.com.ar\/index.php\/wp-json\/wp\/v2\/posts\/11754\/revisions"}],"predecessor-version":[{"id":11756,"href":"https:\/\/emisoracolon.com.ar\/index.php\/wp-json\/wp\/v2\/posts\/11754\/revisions\/11756"}],"wp:featuredmedia":[{"embeddable":true,"href":"https:\/\/emisoracolon.com.ar\/index.php\/wp-json\/wp\/v2\/media\/11755"}],"wp:attachment":[{"href":"https:\/\/emisoracolon.com.ar\/index.php\/wp-json\/wp\/v2\/media?parent=11754"}],"wp:term":[{"taxonomy":"category","embeddable":true,"href":"https:\/\/emisoracolon.com.ar\/index.php\/wp-json\/wp\/v2\/categories?post=11754"},{"taxonomy":"post_tag","embeddable":true,"href":"https:\/\/emisoracolon.com.ar\/index.php\/wp-json\/wp\/v2\/tags?post=11754"}],"curies":[{"name":"wp","href":"https:\/\/api.w.org\/{rel}","templated":true}]}}