{"id":11751,"date":"2026-09-02T18:41:59","date_gmt":"2026-09-02T21:41:59","guid":{"rendered":"https:\/\/emisoracolon.com.ar\/?p=11751"},"modified":"2026-09-02T18:41:59","modified_gmt":"2026-09-02T21:41:59","slug":"memoria-libros-y-libertad","status":"publish","type":"post","link":"https:\/\/emisoracolon.com.ar\/index.php\/2026\/09\/02\/memoria-libros-y-libertad\/","title":{"rendered":"Memoria, libros y libertad"},"content":{"rendered":"\n<p class=\"wp-block-paragraph\">Col\u00f3n vivir\u00e1 una muestra itinerante a 50 a\u00f1os del golpe de 1976 El Nucleamiento de Bibliotecarios Coloneses (NUBCOLON22) organiza una profunda propuesta interactiva en el CIIE para reflexionar sobre la censura, la cultura y el valor de la palabra.<\/p>\n\n\n\n<p class=\"wp-block-paragraph\">\u00bfQu\u00e9 sucede cuando intentan decidir qu\u00e9 podemos leer, pensar, escuchar o decir? Con esta pregunta como eje fundamental, las bibliotecarias y los bibliotecarios del distrito de Col\u00f3n invitan a toda la comunidad a recorrer la Muestra Itinerante \u2013 Semana de las Bibliotecas. Se trata de una propuesta construida de manera colectiva desde NUBCOLON22 (Nucleamiento de Bibliotecarios Coloneses), que cuenta con el acompa\u00f1amiento y aval institucional de la Jefatura Distrital de Col\u00f3n.<\/p>\n\n\n\n<p class=\"wp-block-paragraph\">El proyecto se desarrolla en el marco de las acciones destinadas a promover la construcci\u00f3n de la memoria, el acceso a la cultura y el ejercicio pleno del derecho a leer, pensar, decir y crear en libertad, al cumplirse 50 a\u00f1os del golpe de Estado c\u00edvico-militar de 1976.<\/p>\n\n\n\n<p class=\"wp-block-paragraph\">Desde la organizaci\u00f3n explicaron que el objetivo es abrir las puertas de las bibliotecas para recuperar una parte de nuestra historia que atraves\u00f3 directamente a los libros, las palabras y las expresiones culturales. A trav\u00e9s de este recorrido conceptual, se busca visibilizar las huellas de la censura y la persecuci\u00f3n cultural durante la \u00faltima dictadura argentina.<\/p>\n\n\n\n<p class=\"wp-block-paragraph\">Un recorrido interactivo a trav\u00e9s de la historia<\/p>\n\n\n\n<p class=\"wp-block-paragraph\">La muestra no estar\u00e1 planteada como un espacio pasivo de mera observaci\u00f3n, sino como una invitaci\u00f3n abierta a preguntarse, sentir, recordar, reflexionar y participar. Quienes la visiten podr\u00e1n acercarse a:<\/p>\n\n\n\n<ul class=\"wp-block-list\">\n<li>Libros prohibidos y destruidos en hogueras.<\/li>\n\n\n\n<li>Autores, escritores y editoriales que sufrieron la persecuci\u00f3n.<\/li>\n\n\n\n<li>Canciones y voces que intentaron ser silenciadas.<\/li>\n\n\n\n<li>Historias y obras que, a pesar del contexto, lograron sobrevivir.<\/li>\n\n\n\n<li><\/li>\n<\/ul>\n\n\n\n<p class=\"wp-block-paragraph\">Para lograr este impacto, el espacio contar\u00e1 con libros, documentos de la \u00e9poca, objetos, representaciones art\u00edsticas, esculturas, videos y diferentes intervenciones que recuperan las marcas de la censura. Asimismo, se presentar\u00e1 el libro <em>Palabras clave<\/em>, perteneciente a la colecci\u00f3n <em>Pedagog\u00eda de la Memoria<\/em>, una herramienta clave para seguir construyendo saberes que permitan nombrar, comprender y transmitir nuestra historia a las nuevas generaciones.<\/p>\n\n\n\n<p class=\"wp-block-paragraph\">D\u00edas y horarios para visitarla<\/p>\n\n\n\n<p class=\"wp-block-paragraph\">La cita tendr\u00e1 lugar en la sede del CIIE Col\u00f3n (Calle 45 entre 23 y 24) durante las siguientes jornadas:<\/p>\n\n\n\n<ul class=\"wp-block-list\">\n<li>Martes 8 de septiembre: de 9:00 a 11:30 hs., de 13:30 a 16:30 hs., y un turno vespertino de 18:00 a 20:00 hs.<\/li>\n\n\n\n<li>Mi\u00e9rcoles 9 de septiembre: de 9:00 a 11:00 hs. y de 13:30 a 16:30 hs.<\/li>\n\n\n\n<li><\/li>\n<\/ul>\n","protected":false},"excerpt":{"rendered":"<p>Col\u00f3n vivir\u00e1 una muestra itinerante a 50 a\u00f1os del golpe de 1976 El Nucleamiento de Bibliotecarios Coloneses (NUBCOLON22) organiza una profunda propuesta interactiva en el CIIE para reflexionar sobre la censura, la&#8230;<\/p>\n","protected":false},"author":1,"featured_media":11752,"comment_status":"open","ping_status":"open","sticky":false,"template":"","format":"standard","meta":{"footnotes":""},"categories":[7,3],"tags":[],"class_list":["post-11751","post","type-post","status-publish","format-standard","has-post-thumbnail","hentry","category-cultura","category-general"],"_links":{"self":[{"href":"https:\/\/emisoracolon.com.ar\/index.php\/wp-json\/wp\/v2\/posts\/11751","targetHints":{"allow":["GET"]}}],"collection":[{"href":"https:\/\/emisoracolon.com.ar\/index.php\/wp-json\/wp\/v2\/posts"}],"about":[{"href":"https:\/\/emisoracolon.com.ar\/index.php\/wp-json\/wp\/v2\/types\/post"}],"author":[{"embeddable":true,"href":"https:\/\/emisoracolon.com.ar\/index.php\/wp-json\/wp\/v2\/users\/1"}],"replies":[{"embeddable":true,"href":"https:\/\/emisoracolon.com.ar\/index.php\/wp-json\/wp\/v2\/comments?post=11751"}],"version-history":[{"count":1,"href":"https:\/\/emisoracolon.com.ar\/index.php\/wp-json\/wp\/v2\/posts\/11751\/revisions"}],"predecessor-version":[{"id":11753,"href":"https:\/\/emisoracolon.com.ar\/index.php\/wp-json\/wp\/v2\/posts\/11751\/revisions\/11753"}],"wp:featuredmedia":[{"embeddable":true,"href":"https:\/\/emisoracolon.com.ar\/index.php\/wp-json\/wp\/v2\/media\/11752"}],"wp:attachment":[{"href":"https:\/\/emisoracolon.com.ar\/index.php\/wp-json\/wp\/v2\/media?parent=11751"}],"wp:term":[{"taxonomy":"category","embeddable":true,"href":"https:\/\/emisoracolon.com.ar\/index.php\/wp-json\/wp\/v2\/categories?post=11751"},{"taxonomy":"post_tag","embeddable":true,"href":"https:\/\/emisoracolon.com.ar\/index.php\/wp-json\/wp\/v2\/tags?post=11751"}],"curies":[{"name":"wp","href":"https:\/\/api.w.org\/{rel}","templated":true}]}}