{"id":11749,"date":"2026-09-01T17:56:04","date_gmt":"2026-09-01T20:56:04","guid":{"rendered":"https:\/\/emisoracolon.com.ar\/?p=11749"},"modified":"2026-09-01T17:56:04","modified_gmt":"2026-09-01T20:56:04","slug":"unicef-eligio-mirar-a-colon-y-vamos-a-trabajar-juntos-por-los-ninos-ninas-y-adolescentes","status":"publish","type":"post","link":"https:\/\/emisoracolon.com.ar\/index.php\/2026\/09\/01\/unicef-eligio-mirar-a-colon-y-vamos-a-trabajar-juntos-por-los-ninos-ninas-y-adolescentes\/","title":{"rendered":"UNICEF eligi\u00f3 mirar a Col\u00f3n y vamos a trabajar juntos por los ni\u00f1os, ni\u00f1as y adolescentes"},"content":{"rendered":"\n<p class=\"wp-block-paragraph\"><img loading=\"lazy\" decoding=\"async\" src=\"\" alt=\"\ud83d\udc49\ud83c\udffb\" width=\"16\" height=\"16\"> Lanzamos en nuestra ciudad el programa MUNA (Municipio Unido por la Ni\u00f1ez y la Adolescencia), una iniciativa de UNICEF que llega para fortalecer y acompa\u00f1ar las pol\u00edticas p\u00fablicas destinadas a nuestros ni\u00f1os, ni\u00f1as y adolescentes.<\/p>\n\n\n\n<p class=\"wp-block-paragraph\"><img loading=\"lazy\" decoding=\"async\" src=\"\" alt=\"\u2705\" width=\"16\" height=\"16\"> Que hoy Col\u00f3n sea parte de este programa no es casualidad. Es el resultado de un camino que venimos construyendo, con una presencia activa del Estado Municipal, articulando \u00e1reas, instituciones y espacios de la comunidad para poner a las infancias y adolescencias en el centro de nuestras pol\u00edticas. MUNA trabaja justamente para fortalecer esas capacidades locales y garantizar derechos desde una mirada integral.<\/p>\n\n\n\n<p class=\"wp-block-paragraph\"><img loading=\"lazy\" decoding=\"async\" src=\"\" alt=\"\ud83e\udd17\" width=\"16\" height=\"16\"> En este nuevo desaf\u00edo contamos con el acompa\u00f1amiento de UNICEF, la Provincia de Buenos Aires y el Grupo Pharos, socio implementador de MUNA en territorio bonaerense.<\/p>\n\n\n\n<p class=\"wp-block-paragraph\"><img loading=\"lazy\" decoding=\"async\" src=\"\" alt=\"\ud83d\udc49\ud83c\udffb\" width=\"16\" height=\"16\"> Seguimos haciendo de Col\u00f3n una ciudad que escucha, acompa\u00f1a y trabaja todos los d\u00edas para que cada ni\u00f1o, ni\u00f1a y adolescente tenga m\u00e1s oportunidades y un presente y futuro con m\u00e1s derechos.<\/p>\n","protected":false},"excerpt":{"rendered":"<p>Lanzamos en nuestra ciudad el programa MUNA (Municipio Unido por la Ni\u00f1ez y la Adolescencia), una iniciativa de UNICEF que llega para fortalecer y acompa\u00f1ar las pol\u00edticas p\u00fablicas destinadas a nuestros ni\u00f1os,&#8230;<\/p>\n","protected":false},"author":1,"featured_media":11746,"comment_status":"open","ping_status":"open","sticky":false,"template":"","format":"standard","meta":{"footnotes":""},"categories":[3,23],"tags":[],"class_list":["post-11749","post","type-post","status-publish","format-standard","has-post-thumbnail","hentry","category-general","category-politica-provincial"],"_links":{"self":[{"href":"https:\/\/emisoracolon.com.ar\/index.php\/wp-json\/wp\/v2\/posts\/11749","targetHints":{"allow":["GET"]}}],"collection":[{"href":"https:\/\/emisoracolon.com.ar\/index.php\/wp-json\/wp\/v2\/posts"}],"about":[{"href":"https:\/\/emisoracolon.com.ar\/index.php\/wp-json\/wp\/v2\/types\/post"}],"author":[{"embeddable":true,"href":"https:\/\/emisoracolon.com.ar\/index.php\/wp-json\/wp\/v2\/users\/1"}],"replies":[{"embeddable":true,"href":"https:\/\/emisoracolon.com.ar\/index.php\/wp-json\/wp\/v2\/comments?post=11749"}],"version-history":[{"count":1,"href":"https:\/\/emisoracolon.com.ar\/index.php\/wp-json\/wp\/v2\/posts\/11749\/revisions"}],"predecessor-version":[{"id":11750,"href":"https:\/\/emisoracolon.com.ar\/index.php\/wp-json\/wp\/v2\/posts\/11749\/revisions\/11750"}],"wp:featuredmedia":[{"embeddable":true,"href":"https:\/\/emisoracolon.com.ar\/index.php\/wp-json\/wp\/v2\/media\/11746"}],"wp:attachment":[{"href":"https:\/\/emisoracolon.com.ar\/index.php\/wp-json\/wp\/v2\/media?parent=11749"}],"wp:term":[{"taxonomy":"category","embeddable":true,"href":"https:\/\/emisoracolon.com.ar\/index.php\/wp-json\/wp\/v2\/categories?post=11749"},{"taxonomy":"post_tag","embeddable":true,"href":"https:\/\/emisoracolon.com.ar\/index.php\/wp-json\/wp\/v2\/tags?post=11749"}],"curies":[{"name":"wp","href":"https:\/\/api.w.org\/{rel}","templated":true}]}}