{"id":11745,"date":"2026-09-01T17:53:20","date_gmt":"2026-09-01T20:53:20","guid":{"rendered":"https:\/\/emisoracolon.com.ar\/?p=11745"},"modified":"2026-09-01T17:53:20","modified_gmt":"2026-09-01T20:53:20","slug":"gran-respuesta-comunitaria-en-una-nueva-colecta-solidaria-de-sangre","status":"publish","type":"post","link":"https:\/\/emisoracolon.com.ar\/index.php\/2026\/09\/01\/gran-respuesta-comunitaria-en-una-nueva-colecta-solidaria-de-sangre\/","title":{"rendered":"Gran respuesta comunitaria en una nueva colecta solidaria de sangre"},"content":{"rendered":"\n<p class=\"wp-block-paragraph\">La jornada reflej\u00f3 el fuerte compromiso de los vecinos y el trabajo coordinado entre la comunidad educativa del Colegio Santa Marta, el Hospital Municipal y organismos provinciales.<\/p>\n\n\n\n<p class=\"wp-block-paragraph\">Con una destacada participaci\u00f3n de vecinos y vecinas, se llev\u00f3 a cabo en nuestra ciudad una nueva Colecta Externa de Sangre. La iniciativa voluntaria volvi\u00f3 a poner de manifiesto el esp\u00edritu solidario de la comunidad local, logrando reunir un importante n\u00famero de donantes que se acercaron con el \u00fanico fin de realizar un gesto an\u00f3nimo capaz de salvar vidas.<\/p>\n\n\n\n<p class=\"wp-block-paragraph\">El \u00e9xito de la jornada fue el resultado de un riguroso trabajo conjunto y una organizaci\u00f3n coordinada entre el Colegio Santa Marta \u2014que funcion\u00f3 como sede e impulsor\u2014, el equipo de Hemoterapia del Hospital Municipal de Col\u00f3n, el Centro Regional de Hemoterapia de Tres de Febrero y el Instituto de Hemoterapia de la Provincia de Buenos Aires.<\/p>\n\n\n\n<p class=\"wp-block-paragraph\">Desde la organizaci\u00f3n expresaron un profundo agradecimiento a cada una de las personas que se tom\u00f3 el tiempo para donar, como as\u00ed tambi\u00e9n a los profesionales e instituciones que hicieron posible la log\u00edstica del evento. Autoridades sanitarias recordaron que este tipo de colectas son fundamentales para mantener abastecidos los bancos de sangre p\u00fablicos, reforzando la premisa de que donar de manera voluntaria y habitual es estar presentes cuando otra persona m\u00e1s lo necesita.<\/p>\n","protected":false},"excerpt":{"rendered":"<p>La jornada reflej\u00f3 el fuerte compromiso de los vecinos y el trabajo coordinado entre la comunidad educativa del Colegio Santa Marta, el Hospital Municipal y organismos provinciales. Con una destacada participaci\u00f3n de&#8230;<\/p>\n","protected":false},"author":1,"featured_media":11747,"comment_status":"open","ping_status":"open","sticky":false,"template":"","format":"standard","meta":{"footnotes":""},"categories":[3],"tags":[],"class_list":["post-11745","post","type-post","status-publish","format-standard","has-post-thumbnail","hentry","category-general"],"_links":{"self":[{"href":"https:\/\/emisoracolon.com.ar\/index.php\/wp-json\/wp\/v2\/posts\/11745","targetHints":{"allow":["GET"]}}],"collection":[{"href":"https:\/\/emisoracolon.com.ar\/index.php\/wp-json\/wp\/v2\/posts"}],"about":[{"href":"https:\/\/emisoracolon.com.ar\/index.php\/wp-json\/wp\/v2\/types\/post"}],"author":[{"embeddable":true,"href":"https:\/\/emisoracolon.com.ar\/index.php\/wp-json\/wp\/v2\/users\/1"}],"replies":[{"embeddable":true,"href":"https:\/\/emisoracolon.com.ar\/index.php\/wp-json\/wp\/v2\/comments?post=11745"}],"version-history":[{"count":1,"href":"https:\/\/emisoracolon.com.ar\/index.php\/wp-json\/wp\/v2\/posts\/11745\/revisions"}],"predecessor-version":[{"id":11748,"href":"https:\/\/emisoracolon.com.ar\/index.php\/wp-json\/wp\/v2\/posts\/11745\/revisions\/11748"}],"wp:featuredmedia":[{"embeddable":true,"href":"https:\/\/emisoracolon.com.ar\/index.php\/wp-json\/wp\/v2\/media\/11747"}],"wp:attachment":[{"href":"https:\/\/emisoracolon.com.ar\/index.php\/wp-json\/wp\/v2\/media?parent=11745"}],"wp:term":[{"taxonomy":"category","embeddable":true,"href":"https:\/\/emisoracolon.com.ar\/index.php\/wp-json\/wp\/v2\/categories?post=11745"},{"taxonomy":"post_tag","embeddable":true,"href":"https:\/\/emisoracolon.com.ar\/index.php\/wp-json\/wp\/v2\/tags?post=11745"}],"curies":[{"name":"wp","href":"https:\/\/api.w.org\/{rel}","templated":true}]}}