{"id":11742,"date":"2026-09-01T17:52:43","date_gmt":"2026-09-01T20:52:43","guid":{"rendered":"https:\/\/emisoracolon.com.ar\/?p=11742"},"modified":"2026-09-01T17:52:43","modified_gmt":"2026-09-01T20:52:43","slug":"invitan-al-taller-arte-sin-reglas-para-personas-con-discapacidad","status":"publish","type":"post","link":"https:\/\/emisoracolon.com.ar\/index.php\/2026\/09\/01\/invitan-al-taller-arte-sin-reglas-para-personas-con-discapacidad\/","title":{"rendered":"Invitan al taller &#8220;\u00a1Arte Sin Reglas!&#8221; para personas con discapacidad"},"content":{"rendered":"\n<p class=\"wp-block-paragraph\">El encuentro libre y recreativo tendr\u00e1 lugar este viernes en la sede de COMUDI. Las inscripciones ya se encuentran abiertas a trav\u00e9s de la l\u00ednea telef\u00f3nica municipal.<\/p>\n\n\n\n<p class=\"wp-block-paragraph\">Con el objetivo de consolidar espacios inclusivos a trav\u00e9s del lenguaje art\u00edstico, este viernes 4 de septiembre se llevar\u00e1 a cabo la jornada &#8220;\u00a1Arte Sin Reglas!&#8221;. Se trata de una propuesta pensada especialmente para que las personas con discapacidad de nuestro distrito puedan expresarse, crear, compartir y disfrutar del arte de manera totalmente libre y sin l\u00edmites.<\/p>\n\n\n\n<p class=\"wp-block-paragraph\">El encuentro comenzar\u00e1 a las 10:30 horas y se desarrollar\u00e1 en las instalaciones de COMUDI, ubicadas en Calle 17 entre 51 y 52. Desde la organizaci\u00f3n destacaron que la iniciativa busca derribar barreras y potenciar las capacidades de cada asistente, bajo la premisa de que el arte no tiene reglas cuando lo verdaderamente importante es la expresi\u00f3n y el encuentro con el otro.<\/p>\n\n\n\n<p class=\"wp-block-paragraph\">Inscripciones abiertas<\/p>\n\n\n\n<p class=\"wp-block-paragraph\">Quienes deseen participar de esta actividad o requieran mayor informaci\u00f3n sobre la din\u00e1mica del taller, ya pueden reservar su lugar comunic\u00e1ndose directamente a la l\u00ednea telef\u00f3nica 2473-521842.<\/p>\n","protected":false},"excerpt":{"rendered":"<p>El encuentro libre y recreativo tendr\u00e1 lugar este viernes en la sede de COMUDI. Las inscripciones ya se encuentran abiertas a trav\u00e9s de la l\u00ednea telef\u00f3nica municipal. Con el objetivo de consolidar&#8230;<\/p>\n","protected":false},"author":1,"featured_media":11743,"comment_status":"open","ping_status":"open","sticky":false,"template":"","format":"standard","meta":{"footnotes":""},"categories":[7,3],"tags":[],"class_list":["post-11742","post","type-post","status-publish","format-standard","has-post-thumbnail","hentry","category-cultura","category-general"],"_links":{"self":[{"href":"https:\/\/emisoracolon.com.ar\/index.php\/wp-json\/wp\/v2\/posts\/11742","targetHints":{"allow":["GET"]}}],"collection":[{"href":"https:\/\/emisoracolon.com.ar\/index.php\/wp-json\/wp\/v2\/posts"}],"about":[{"href":"https:\/\/emisoracolon.com.ar\/index.php\/wp-json\/wp\/v2\/types\/post"}],"author":[{"embeddable":true,"href":"https:\/\/emisoracolon.com.ar\/index.php\/wp-json\/wp\/v2\/users\/1"}],"replies":[{"embeddable":true,"href":"https:\/\/emisoracolon.com.ar\/index.php\/wp-json\/wp\/v2\/comments?post=11742"}],"version-history":[{"count":1,"href":"https:\/\/emisoracolon.com.ar\/index.php\/wp-json\/wp\/v2\/posts\/11742\/revisions"}],"predecessor-version":[{"id":11744,"href":"https:\/\/emisoracolon.com.ar\/index.php\/wp-json\/wp\/v2\/posts\/11742\/revisions\/11744"}],"wp:featuredmedia":[{"embeddable":true,"href":"https:\/\/emisoracolon.com.ar\/index.php\/wp-json\/wp\/v2\/media\/11743"}],"wp:attachment":[{"href":"https:\/\/emisoracolon.com.ar\/index.php\/wp-json\/wp\/v2\/media?parent=11742"}],"wp:term":[{"taxonomy":"category","embeddable":true,"href":"https:\/\/emisoracolon.com.ar\/index.php\/wp-json\/wp\/v2\/categories?post=11742"},{"taxonomy":"post_tag","embeddable":true,"href":"https:\/\/emisoracolon.com.ar\/index.php\/wp-json\/wp\/v2\/tags?post=11742"}],"curies":[{"name":"wp","href":"https:\/\/api.w.org\/{rel}","templated":true}]}}