{"id":11739,"date":"2026-09-01T17:51:43","date_gmt":"2026-09-01T20:51:43","guid":{"rendered":"https:\/\/emisoracolon.com.ar\/?p=11739"},"modified":"2026-09-01T17:51:43","modified_gmt":"2026-09-01T20:51:43","slug":"colon-presente-en-la-53-feria-provincial-de-ciencias","status":"publish","type":"post","link":"https:\/\/emisoracolon.com.ar\/index.php\/2026\/09\/01\/colon-presente-en-la-53-feria-provincial-de-ciencias\/","title":{"rendered":"Col\u00f3n presente en la 53\u00b0 Feria Provincial de Ciencias"},"content":{"rendered":"\n<p class=\"wp-block-paragraph\">Comenz\u00f3 hoy en Santa Clara del Mar el encuentro educativo m\u00e1s importante de la provincia. La Escuela T\u00e9cnica N\u00b0 1 y la Escuela Especial N\u00b0 501 viajan con el orgullo de representar a toda nuestra comunidad tras un a\u00f1o de intenso trabajo en las aulas.<\/p>\n\n\n\n<p class=\"wp-block-paragraph\">SANTA CLARA DEL MAR. \u2013 Desde hoy, martes 1, y hasta el pr\u00f3ximo jueves 3 de septiembre, la localidad de Santa Clara (partido de Mar Chiquita) se convierte en el epicentro de la innovaci\u00f3n, el arte y el conocimiento bonaerense. All\u00ed se est\u00e1 desarrollando la 53\u00b0 Feria Provincial de Educaci\u00f3n, Artes, Ciencias y Tecnolog\u00eda, un megaevento que re\u00fane a estudiantes y docentes de las 25 regiones educativas de la Provincia de Buenos Aires.<\/p>\n\n\n\n<p class=\"wp-block-paragraph\">El encuentro refleja el monumental esfuerzo realizado durante todo el ciclo lectivo por m\u00e1s de 231.000 alumnos y 18.404 profesores, quienes le dieron vida a un total de 12.840 proyectos en todo el territorio provincial.<\/p>\n\n\n\n<p class=\"wp-block-paragraph\">La apertura oficial tuvo lugar este martes a las 13:30 horas en las instalaciones del Polideportivo Santa Clara del Mar (Cardiff 427), espacio que tambi\u00e9n albergar\u00e1 el acto de clausura programado para el jueves a las 15:00 horas. Cabe destacar que el traslado y el alojamiento de nuestra delegaci\u00f3n local est\u00e1n totalmente cubiertos por la Direcci\u00f3n de Pol\u00edticas Socioeducativas, dependiente de la Direcci\u00f3n General de Cultura y Educaci\u00f3n provincial.<\/p>\n\n\n\n<p class=\"wp-block-paragraph\">Los proyectos que representan a Col\u00f3n<\/p>\n\n\n\n<p class=\"wp-block-paragraph\">Nuestro distrito cuenta con una comitiva oficial que lleva la bandera de la educaci\u00f3n p\u00fablica local a trav\u00e9s de dos propuestas de alt\u00edsimo nivel y fuerte compromiso social:<\/p>\n\n\n\n<ul class=\"wp-block-list\">\n<li>Escuela de Educaci\u00f3n T\u00e9cnica N\u00b0 1: Presenta el proyecto \u201cProgramando ideas: de la l\u00f3gica a la creaci\u00f3n de videojuegos\u201d. Se trata de una propuesta vanguardista que logra fusionar con \u00e9xito el aprendizaje formal de la programaci\u00f3n digital con el dise\u00f1o interactivo y el desarrollo t\u00e9cnico de videojuegos.<\/li>\n\n\n\n<li>Escuela de Educaci\u00f3n Especial N\u00b0 501: Participa con el proyecto \u201cMucho m\u00e1s que un nombre\u201d. Este trabajo se enmarca profundamente en el lema que rige el ciclo lectivo actual: <em>\u201cA\u00f1o de los Derechos Humanos por la Memoria, la Verdad y la Justicia. A 50 a\u00f1os de la \u00faltima Dictadura c\u00edvico-militar\u201d<\/em>, invitando a la reflexi\u00f3n colectiva e hist\u00f3rica.<\/li>\n<\/ul>\n\n\n\n<p class=\"wp-block-paragraph\">Esta feria representa una oportunidad \u00fanica para celebrar el intercambio de ideas, conocer nuevos proyectos y, sobre todo, honrar la dedicaci\u00f3n de cada estudiante y docente colonense. Su labor diaria abre preguntas esenciales y construye pr\u00e1cticas pedag\u00f3gicas creativas, rigurosas y verdaderamente significativas para el futuro de nuestro distrito.<\/p>\n","protected":false},"excerpt":{"rendered":"<p>Comenz\u00f3 hoy en Santa Clara del Mar el encuentro educativo m\u00e1s importante de la provincia. La Escuela T\u00e9cnica N\u00b0 1 y la Escuela Especial N\u00b0 501 viajan con el orgullo de representar&#8230;<\/p>\n","protected":false},"author":1,"featured_media":11740,"comment_status":"open","ping_status":"open","sticky":false,"template":"","format":"standard","meta":{"footnotes":""},"categories":[7,3],"tags":[],"class_list":["post-11739","post","type-post","status-publish","format-standard","has-post-thumbnail","hentry","category-cultura","category-general"],"_links":{"self":[{"href":"https:\/\/emisoracolon.com.ar\/index.php\/wp-json\/wp\/v2\/posts\/11739","targetHints":{"allow":["GET"]}}],"collection":[{"href":"https:\/\/emisoracolon.com.ar\/index.php\/wp-json\/wp\/v2\/posts"}],"about":[{"href":"https:\/\/emisoracolon.com.ar\/index.php\/wp-json\/wp\/v2\/types\/post"}],"author":[{"embeddable":true,"href":"https:\/\/emisoracolon.com.ar\/index.php\/wp-json\/wp\/v2\/users\/1"}],"replies":[{"embeddable":true,"href":"https:\/\/emisoracolon.com.ar\/index.php\/wp-json\/wp\/v2\/comments?post=11739"}],"version-history":[{"count":1,"href":"https:\/\/emisoracolon.com.ar\/index.php\/wp-json\/wp\/v2\/posts\/11739\/revisions"}],"predecessor-version":[{"id":11741,"href":"https:\/\/emisoracolon.com.ar\/index.php\/wp-json\/wp\/v2\/posts\/11739\/revisions\/11741"}],"wp:featuredmedia":[{"embeddable":true,"href":"https:\/\/emisoracolon.com.ar\/index.php\/wp-json\/wp\/v2\/media\/11740"}],"wp:attachment":[{"href":"https:\/\/emisoracolon.com.ar\/index.php\/wp-json\/wp\/v2\/media?parent=11739"}],"wp:term":[{"taxonomy":"category","embeddable":true,"href":"https:\/\/emisoracolon.com.ar\/index.php\/wp-json\/wp\/v2\/categories?post=11739"},{"taxonomy":"post_tag","embeddable":true,"href":"https:\/\/emisoracolon.com.ar\/index.php\/wp-json\/wp\/v2\/tags?post=11739"}],"curies":[{"name":"wp","href":"https:\/\/api.w.org\/{rel}","templated":true}]}}