{"id":11737,"date":"2026-08-31T19:23:05","date_gmt":"2026-08-31T22:23:05","guid":{"rendered":"https:\/\/emisoracolon.com.ar\/?p=11737"},"modified":"2026-08-31T19:23:05","modified_gmt":"2026-08-31T22:23:05","slug":"diego-ortega-y-aldana-silveyra-van-por-un-nuevo-titulo-mundial","status":"publish","type":"post","link":"https:\/\/emisoracolon.com.ar\/index.php\/2026\/08\/31\/diego-ortega-y-aldana-silveyra-van-por-un-nuevo-titulo-mundial\/","title":{"rendered":"Diego Ortega y Aldana Silveyra van por un nuevo t\u00edtulo mundial"},"content":{"rendered":"\n<p class=\"wp-block-paragraph\">Diego Ortega y Aldana Silveyra se clasificaron a la final de Tango Escenario del Mundial de Tango 2026, que se desarrolla en Buenos Aires, y lo hicieron con el mejor puntaje de la ronda semifinal disputada este domingo.<\/p>\n\n\n\n<p class=\"wp-block-paragraph\">La pareja integrada por un colonense volver\u00e1 a presentarse en la instancia decisiva del certamen este mi\u00e9rcoles en el Teatro Gran Rex, donde competir\u00e1 por el m\u00e1ximo premio de la categor\u00eda.<\/p>\n\n\n\n<p class=\"wp-block-paragraph\">El logro llega exactamente un a\u00f1o despu\u00e9s de que Ortega y Silveyra se consagraran campeones mundiales de Tango Pista 2025, por lo que ahora buscar\u00e1n sumar un nuevo t\u00edtulo a su trayectoria.<\/p>\n\n\n\n<p class=\"wp-block-paragraph\">Las finales del Mundial de Tango re\u00fanen a las parejas que lograron superar las distintas etapas clasificatorias, los cuartos de final y las semifinales. El certamen convoca tanto a bailarines profesionales como aficionados.<\/p>\n\n\n\n<p class=\"wp-block-paragraph\">En la instancia final participan representantes surgidos de las preliminares oficiales realizadas en distintas provincias argentinas y del Campeonato de Baile de la Ciudad de Buenos Aires. Tambi\u00e9n llegan parejas clasificadas a trav\u00e9s de las 26 preliminares internacionales y representantes de distintos pa\u00edses con tradici\u00f3n tanguera, entre ellos Jap\u00f3n, Italia, Brasil, Rusia, Colombia, Estados Unidos e Inglaterra.<\/p>\n\n\n\n<p class=\"wp-block-paragraph\">Con el primer puesto obtenido en las semifinales, Ortega y Silveyra llegan a la definici\u00f3n como una de las grandes parejas candidatas, con el objetivo de volver a llevar el nombre de Col\u00f3n a lo m\u00e1s alto del tango mundial.<\/p>\n","protected":false},"excerpt":{"rendered":"<p>Diego Ortega y Aldana Silveyra se clasificaron a la final de Tango Escenario del Mundial de Tango 2026, que se desarrolla en Buenos Aires, y lo hicieron con el mejor puntaje de&#8230;<\/p>\n","protected":false},"author":1,"featured_media":3306,"comment_status":"open","ping_status":"open","sticky":false,"template":"","format":"standard","meta":{"footnotes":""},"categories":[7,3],"tags":[],"class_list":["post-11737","post","type-post","status-publish","format-standard","has-post-thumbnail","hentry","category-cultura","category-general"],"_links":{"self":[{"href":"https:\/\/emisoracolon.com.ar\/index.php\/wp-json\/wp\/v2\/posts\/11737","targetHints":{"allow":["GET"]}}],"collection":[{"href":"https:\/\/emisoracolon.com.ar\/index.php\/wp-json\/wp\/v2\/posts"}],"about":[{"href":"https:\/\/emisoracolon.com.ar\/index.php\/wp-json\/wp\/v2\/types\/post"}],"author":[{"embeddable":true,"href":"https:\/\/emisoracolon.com.ar\/index.php\/wp-json\/wp\/v2\/users\/1"}],"replies":[{"embeddable":true,"href":"https:\/\/emisoracolon.com.ar\/index.php\/wp-json\/wp\/v2\/comments?post=11737"}],"version-history":[{"count":1,"href":"https:\/\/emisoracolon.com.ar\/index.php\/wp-json\/wp\/v2\/posts\/11737\/revisions"}],"predecessor-version":[{"id":11738,"href":"https:\/\/emisoracolon.com.ar\/index.php\/wp-json\/wp\/v2\/posts\/11737\/revisions\/11738"}],"wp:featuredmedia":[{"embeddable":true,"href":"https:\/\/emisoracolon.com.ar\/index.php\/wp-json\/wp\/v2\/media\/3306"}],"wp:attachment":[{"href":"https:\/\/emisoracolon.com.ar\/index.php\/wp-json\/wp\/v2\/media?parent=11737"}],"wp:term":[{"taxonomy":"category","embeddable":true,"href":"https:\/\/emisoracolon.com.ar\/index.php\/wp-json\/wp\/v2\/categories?post=11737"},{"taxonomy":"post_tag","embeddable":true,"href":"https:\/\/emisoracolon.com.ar\/index.php\/wp-json\/wp\/v2\/tags?post=11737"}],"curies":[{"name":"wp","href":"https:\/\/api.w.org\/{rel}","templated":true}]}}