{"id":11735,"date":"2026-08-31T19:22:29","date_gmt":"2026-08-31T22:22:29","guid":{"rendered":"https:\/\/emisoracolon.com.ar\/?p=11735"},"modified":"2026-08-31T19:22:29","modified_gmt":"2026-08-31T22:22:29","slug":"plan-reparar-2","status":"publish","type":"post","link":"https:\/\/emisoracolon.com.ar\/index.php\/2026\/08\/31\/plan-reparar-2\/","title":{"rendered":"Plan Reparar"},"content":{"rendered":"\n<p class=\"wp-block-paragraph\">Inform\u00f3 la Municipalidad sobre el avance del Plan Reparar, con el t\u00edtulo \u201cuna ciudad que se pone en marcha\u201d. Explica, \u201cno elegimos el abandono. Elegimos escuchar, planificar e invertir para dar respuesta a las necesidades de nuestros vecinos.<\/p>\n\n\n\n<p class=\"wp-block-paragraph\">Con el Plan Reparar estamos trabajando en todos los frentes: calles, ca\u00f1er\u00edas, cloacas, iluminaci\u00f3n y caminos rurales, con m\u00e1s de 10.500 m\u00b3 de hormig\u00f3n, 1.300 metros de cord\u00f3n y 50 nuevas columnas de iluminaci\u00f3n, adem\u00e1s de obras fundamentales para nuestros servicios.<\/p>\n\n\n\n<p class=\"wp-block-paragraph\">Sabemos que son tiempos complejos, pero tambi\u00e9n sabemos que es cuando m\u00e1s tenemos que redoblar el esfuerzo.<\/p>\n","protected":false},"excerpt":{"rendered":"<p>Inform\u00f3 la Municipalidad sobre el avance del Plan Reparar, con el t\u00edtulo \u201cuna ciudad que se pone en marcha\u201d. Explica, \u201cno elegimos el abandono. Elegimos escuchar, planificar e invertir para dar respuesta&#8230;<\/p>\n","protected":false},"author":1,"featured_media":5438,"comment_status":"open","ping_status":"open","sticky":false,"template":"","format":"standard","meta":{"footnotes":""},"categories":[3],"tags":[],"class_list":["post-11735","post","type-post","status-publish","format-standard","has-post-thumbnail","hentry","category-general"],"_links":{"self":[{"href":"https:\/\/emisoracolon.com.ar\/index.php\/wp-json\/wp\/v2\/posts\/11735","targetHints":{"allow":["GET"]}}],"collection":[{"href":"https:\/\/emisoracolon.com.ar\/index.php\/wp-json\/wp\/v2\/posts"}],"about":[{"href":"https:\/\/emisoracolon.com.ar\/index.php\/wp-json\/wp\/v2\/types\/post"}],"author":[{"embeddable":true,"href":"https:\/\/emisoracolon.com.ar\/index.php\/wp-json\/wp\/v2\/users\/1"}],"replies":[{"embeddable":true,"href":"https:\/\/emisoracolon.com.ar\/index.php\/wp-json\/wp\/v2\/comments?post=11735"}],"version-history":[{"count":1,"href":"https:\/\/emisoracolon.com.ar\/index.php\/wp-json\/wp\/v2\/posts\/11735\/revisions"}],"predecessor-version":[{"id":11736,"href":"https:\/\/emisoracolon.com.ar\/index.php\/wp-json\/wp\/v2\/posts\/11735\/revisions\/11736"}],"wp:featuredmedia":[{"embeddable":true,"href":"https:\/\/emisoracolon.com.ar\/index.php\/wp-json\/wp\/v2\/media\/5438"}],"wp:attachment":[{"href":"https:\/\/emisoracolon.com.ar\/index.php\/wp-json\/wp\/v2\/media?parent=11735"}],"wp:term":[{"taxonomy":"category","embeddable":true,"href":"https:\/\/emisoracolon.com.ar\/index.php\/wp-json\/wp\/v2\/categories?post=11735"},{"taxonomy":"post_tag","embeddable":true,"href":"https:\/\/emisoracolon.com.ar\/index.php\/wp-json\/wp\/v2\/tags?post=11735"}],"curies":[{"name":"wp","href":"https:\/\/api.w.org\/{rel}","templated":true}]}}