{"id":11732,"date":"2026-08-31T19:21:46","date_gmt":"2026-08-31T22:21:46","guid":{"rendered":"https:\/\/emisoracolon.com.ar\/?p=11732"},"modified":"2026-08-31T19:21:46","modified_gmt":"2026-08-31T22:21:46","slug":"plantaron-un-lapacho-rosado-por-el-dia-del-arbol","status":"publish","type":"post","link":"https:\/\/emisoracolon.com.ar\/index.php\/2026\/08\/31\/plantaron-un-lapacho-rosado-por-el-dia-del-arbol\/","title":{"rendered":"Plantaron un lapacho rosado por el D\u00eda del \u00c1rbol"},"content":{"rendered":"\n<p class=\"wp-block-paragraph\">En el marco del D\u00eda del \u00c1rbol, que en Argentina se conmemora cada 29 de agosto desde 1901, el Consejo del Arbolado de Col\u00f3n realiz\u00f3 la plantaci\u00f3n de un lapacho rosado en Boulevard 50, entre calles 18 y 19.<\/p>\n\n\n\n<p class=\"wp-block-paragraph\">La actividad tuvo como objetivo homenajear la fecha y promover la valoraci\u00f3n, preservaci\u00f3n y crecimiento del patrimonio verde de la ciudad.<\/p>\n\n\n\n<p class=\"wp-block-paragraph\">Participaron integrantes del Consejo del Arbolado, el jefe de Defensa Civil, Walter Floridi, los concejales Nicol\u00e1s Luj\u00e1n y Marcelo Montagna, adem\u00e1s de vecinos y p\u00fablico en general.<\/p>\n\n\n\n<p class=\"wp-block-paragraph\">El D\u00eda del \u00c1rbol fue establecido en nuestro pa\u00eds por iniciativa del doctor Estanislao Zeballos, a trav\u00e9s del Consejo Nacional de Educaci\u00f3n, con el prop\u00f3sito de impulsar acciones vinculadas al cuidado y la importancia de los \u00e1rboles.<\/p>\n\n\n\n<p class=\"wp-block-paragraph\">Desde el Consejo del Arbolado destacaron la necesidad de continuar generando iniciativas que contribuyan al crecimiento y conservaci\u00f3n de los espacios verdes.<\/p>\n\n\n\n<p class=\"wp-block-paragraph\">Finalmente, se solicit\u00f3 la colaboraci\u00f3n de los vecinos para cuidar el lapacho recientemente plantado y garantizar su crecimiento y conservaci\u00f3n como parte del patrimonio natural de la ciudad.<\/p>\n","protected":false},"excerpt":{"rendered":"<p>En el marco del D\u00eda del \u00c1rbol, que en Argentina se conmemora cada 29 de agosto desde 1901, el Consejo del Arbolado de Col\u00f3n realiz\u00f3 la plantaci\u00f3n de un lapacho rosado en&#8230;<\/p>\n","protected":false},"author":1,"featured_media":11733,"comment_status":"open","ping_status":"open","sticky":false,"template":"","format":"standard","meta":{"footnotes":""},"categories":[3],"tags":[],"class_list":["post-11732","post","type-post","status-publish","format-standard","has-post-thumbnail","hentry","category-general"],"_links":{"self":[{"href":"https:\/\/emisoracolon.com.ar\/index.php\/wp-json\/wp\/v2\/posts\/11732","targetHints":{"allow":["GET"]}}],"collection":[{"href":"https:\/\/emisoracolon.com.ar\/index.php\/wp-json\/wp\/v2\/posts"}],"about":[{"href":"https:\/\/emisoracolon.com.ar\/index.php\/wp-json\/wp\/v2\/types\/post"}],"author":[{"embeddable":true,"href":"https:\/\/emisoracolon.com.ar\/index.php\/wp-json\/wp\/v2\/users\/1"}],"replies":[{"embeddable":true,"href":"https:\/\/emisoracolon.com.ar\/index.php\/wp-json\/wp\/v2\/comments?post=11732"}],"version-history":[{"count":1,"href":"https:\/\/emisoracolon.com.ar\/index.php\/wp-json\/wp\/v2\/posts\/11732\/revisions"}],"predecessor-version":[{"id":11734,"href":"https:\/\/emisoracolon.com.ar\/index.php\/wp-json\/wp\/v2\/posts\/11732\/revisions\/11734"}],"wp:featuredmedia":[{"embeddable":true,"href":"https:\/\/emisoracolon.com.ar\/index.php\/wp-json\/wp\/v2\/media\/11733"}],"wp:attachment":[{"href":"https:\/\/emisoracolon.com.ar\/index.php\/wp-json\/wp\/v2\/media?parent=11732"}],"wp:term":[{"taxonomy":"category","embeddable":true,"href":"https:\/\/emisoracolon.com.ar\/index.php\/wp-json\/wp\/v2\/categories?post=11732"},{"taxonomy":"post_tag","embeddable":true,"href":"https:\/\/emisoracolon.com.ar\/index.php\/wp-json\/wp\/v2\/tags?post=11732"}],"curies":[{"name":"wp","href":"https:\/\/api.w.org\/{rel}","templated":true}]}}