{"id":11730,"date":"2026-08-31T19:19:40","date_gmt":"2026-08-31T22:19:40","guid":{"rendered":"https:\/\/emisoracolon.com.ar\/?p=11730"},"modified":"2026-08-31T19:19:40","modified_gmt":"2026-08-31T22:19:40","slug":"granja-tres-arroyos-suspendio-la-actividad-de-su-planta-de-capitan-sarmiento","status":"publish","type":"post","link":"https:\/\/emisoracolon.com.ar\/index.php\/2026\/08\/31\/granja-tres-arroyos-suspendio-la-actividad-de-su-planta-de-capitan-sarmiento\/","title":{"rendered":"Granja Tres Arroyos suspendi\u00f3 la actividad de su planta de Capit\u00e1n Sarmiento"},"content":{"rendered":"\n<p class=\"wp-block-paragraph\">La empresa av\u00edcola Granja Tres Arroyos comunic\u00f3 la suspensi\u00f3n \u201chasta nuevo aviso\u201d de las actividades productivas en su planta industrial de Capit\u00e1n Sarmiento, una decisi\u00f3n que genera preocupaci\u00f3n en la regi\u00f3n y tambi\u00e9n impacta en Col\u00f3n, donde la firma cuenta con una planta.<\/p>\n\n\n\n<p class=\"wp-block-paragraph\">La compa\u00f1\u00eda notific\u00f3 formalmente que el cese de la actividad comenzar\u00e1 el 31 de agosto de 2026 y atribuy\u00f3 la medida a \u201cla falta de suministro el\u00e9ctrico y a otras cuestiones operativas y productivas\u201d, derivadas de circunstancias de fuerza mayor y de p\u00fablico conocimiento.<\/p>\n\n\n\n<p class=\"wp-block-paragraph\">La paralizaci\u00f3n genera incertidumbre entre los trabajadores, especialmente ante versiones sobre el retiro de maquinaria concesionada y el vaciamiento de oficinas por parte del directorio de la empresa.<\/p>\n\n\n\n<p class=\"wp-block-paragraph\">La situaci\u00f3n se suma a una serie de medidas que Granja Tres Arroyos viene adoptando durante 2026 en distintas plantas de su estructura productiva. A comienzos de agosto, la firma comunic\u00f3 el despido de m\u00e1s de 250 trabajadores de su planta La China, en Concepci\u00f3n del Uruguay, argumentando una ca\u00edda de la actividad vinculada con la gripe aviar.<\/p>\n\n\n\n<p class=\"wp-block-paragraph\">Tambi\u00e9n se registraron suspensiones y paralizaciones en otras instalaciones. La planta Avex, de R\u00edo Cuarto, permaneci\u00f3 paralizada durante un mes, mientras que en Pinazo, Pilar, fue suspendido todo el personal. En las plantas Wade I y Wade II tambi\u00e9n se produjeron reducciones de actividad y conflictos vinculados a cuestiones salariales y bloqueos.<\/p>\n\n\n\n<p class=\"wp-block-paragraph\">Con anterioridad, la empresa hab\u00eda cerrado la planta de Trist\u00e1n Su\u00e1rez, con unos 200 despidos, y la planta Becar de Concepci\u00f3n del Uruguay, cuyos 270 trabajadores fueron trasladados a La China.<\/p>\n\n\n\n<p class=\"wp-block-paragraph\">El nuevo episodio profundiza la preocupaci\u00f3n por la situaci\u00f3n laboral y productiva de una de las principales empresas av\u00edcolas del pa\u00eds y mantiene la atenci\u00f3n puesta en el impacto que las decisiones de la compa\u00f1\u00eda puedan tener sobre sus distintas plantas, incluida la ubicada en Col\u00f3n.<\/p>\n","protected":false},"excerpt":{"rendered":"<p>La empresa av\u00edcola Granja Tres Arroyos comunic\u00f3 la suspensi\u00f3n \u201chasta nuevo aviso\u201d de las actividades productivas en su planta industrial de Capit\u00e1n Sarmiento, una decisi\u00f3n que genera preocupaci\u00f3n en la regi\u00f3n y&#8230;<\/p>\n","protected":false},"author":1,"featured_media":10447,"comment_status":"open","ping_status":"open","sticky":false,"template":"","format":"standard","meta":{"footnotes":""},"categories":[3],"tags":[],"class_list":["post-11730","post","type-post","status-publish","format-standard","has-post-thumbnail","hentry","category-general"],"_links":{"self":[{"href":"https:\/\/emisoracolon.com.ar\/index.php\/wp-json\/wp\/v2\/posts\/11730","targetHints":{"allow":["GET"]}}],"collection":[{"href":"https:\/\/emisoracolon.com.ar\/index.php\/wp-json\/wp\/v2\/posts"}],"about":[{"href":"https:\/\/emisoracolon.com.ar\/index.php\/wp-json\/wp\/v2\/types\/post"}],"author":[{"embeddable":true,"href":"https:\/\/emisoracolon.com.ar\/index.php\/wp-json\/wp\/v2\/users\/1"}],"replies":[{"embeddable":true,"href":"https:\/\/emisoracolon.com.ar\/index.php\/wp-json\/wp\/v2\/comments?post=11730"}],"version-history":[{"count":1,"href":"https:\/\/emisoracolon.com.ar\/index.php\/wp-json\/wp\/v2\/posts\/11730\/revisions"}],"predecessor-version":[{"id":11731,"href":"https:\/\/emisoracolon.com.ar\/index.php\/wp-json\/wp\/v2\/posts\/11730\/revisions\/11731"}],"wp:featuredmedia":[{"embeddable":true,"href":"https:\/\/emisoracolon.com.ar\/index.php\/wp-json\/wp\/v2\/media\/10447"}],"wp:attachment":[{"href":"https:\/\/emisoracolon.com.ar\/index.php\/wp-json\/wp\/v2\/media?parent=11730"}],"wp:term":[{"taxonomy":"category","embeddable":true,"href":"https:\/\/emisoracolon.com.ar\/index.php\/wp-json\/wp\/v2\/categories?post=11730"},{"taxonomy":"post_tag","embeddable":true,"href":"https:\/\/emisoracolon.com.ar\/index.php\/wp-json\/wp\/v2\/tags?post=11730"}],"curies":[{"name":"wp","href":"https:\/\/api.w.org\/{rel}","templated":true}]}}