{"id":11728,"date":"2026-08-31T19:19:14","date_gmt":"2026-08-31T22:19:14","guid":{"rendered":"https:\/\/emisoracolon.com.ar\/?p=11728"},"modified":"2026-08-31T19:19:14","modified_gmt":"2026-08-31T22:19:14","slug":"cuestionan-la-instalacion-de-un-restaurante-en-un-paseo-publico","status":"publish","type":"post","link":"https:\/\/emisoracolon.com.ar\/index.php\/2026\/08\/31\/cuestionan-la-instalacion-de-un-restaurante-en-un-paseo-publico\/","title":{"rendered":"Cuestionan la instalaci\u00f3n de un restaurante en un paseo p\u00fablico"},"content":{"rendered":"\n<p class=\"wp-block-paragraph\">Una fuerte queja se multiplic\u00f3 en las redes sociales a ra\u00edz de la instalaci\u00f3n de un emprendimiento gastron\u00f3mico a cielo abierto en la intersecci\u00f3n de calles 47 y 17. Seg\u00fan plantean vecinos, el espacio p\u00fablico fue ocupado con carpas, mesas, un parrillero y otros elementos destinados al funcionamiento de un restaurante.<\/p>\n\n\n\n<p class=\"wp-block-paragraph\">La situaci\u00f3n gener\u00f3 cuestionamientos respecto de las autorizaciones correspondientes y del rol del Ejecutivo municipal. De acuerdo con los reclamos difundidos, el sector, que anteriormente era un paseo verde de uso com\u00fan, fue delimitado y acondicionado para una actividad comercial privada.<\/p>\n\n\n\n<p class=\"wp-block-paragraph\">En el lugar se observan dos grandes carpas tensoestructuradas de color beige, debajo de las cuales fueron instaladas mesas y sillas para los clientes. Tambi\u00e9n se encuentra un parrillero sobre el sector de estacionamiento y macetones que delimitan el \u00e1rea utilizada por el emprendimiento.<\/p>\n\n\n\n<p class=\"wp-block-paragraph\">El principal interrogante planteado por los vecinos es si la ocupaci\u00f3n del espacio p\u00fablico cuenta con autorizaci\u00f3n municipal y, en ese caso, bajo qu\u00e9 expediente y normativa fue habilitada.<\/p>\n\n\n\n<p class=\"wp-block-paragraph\">Tambi\u00e9n se cuestiona si el proyecto tuvo intervenci\u00f3n del Honorable Concejo Deliberante, dado que, seg\u00fan los reclamos, no habr\u00eda existido debate ni ordenanza espec\u00edfica que autorice la explotaci\u00f3n comercial del paseo.<\/p>\n\n\n\n<p class=\"wp-block-paragraph\">La controversia no apunta, seg\u00fan expresaron quienes cuestionan la situaci\u00f3n, al desarrollo de una actividad comercial ni al esfuerzo de quienes emprenden, sino al supuesto uso privado de un espacio que pertenece a todos los colonenses.<\/p>\n\n\n\n<p class=\"wp-block-paragraph\">En ese sentido, reclaman explicaciones al Departamento Ejecutivo sobre qui\u00e9n autoriz\u00f3 la instalaci\u00f3n, cu\u00e1les fueron las condiciones establecidas y qu\u00e9 controles se realizaron.<\/p>\n\n\n\n<p class=\"wp-block-paragraph\">El caso vuelve a poner sobre la mesa el debate acerca del uso y ocupaci\u00f3n del espacio p\u00fablico y la necesidad de que cualquier autorizaci\u00f3n para actividades comerciales se realice dentro del marco de las normas vigentes, con transparencia y conocimiento de la comunidad.<\/p>\n","protected":false},"excerpt":{"rendered":"<p>Una fuerte queja se multiplic\u00f3 en las redes sociales a ra\u00edz de la instalaci\u00f3n de un emprendimiento gastron\u00f3mico a cielo abierto en la intersecci\u00f3n de calles 47 y 17. Seg\u00fan plantean vecinos,&#8230;<\/p>\n","protected":false},"author":1,"featured_media":4560,"comment_status":"open","ping_status":"open","sticky":false,"template":"","format":"standard","meta":{"footnotes":""},"categories":[3],"tags":[],"class_list":["post-11728","post","type-post","status-publish","format-standard","has-post-thumbnail","hentry","category-general"],"_links":{"self":[{"href":"https:\/\/emisoracolon.com.ar\/index.php\/wp-json\/wp\/v2\/posts\/11728","targetHints":{"allow":["GET"]}}],"collection":[{"href":"https:\/\/emisoracolon.com.ar\/index.php\/wp-json\/wp\/v2\/posts"}],"about":[{"href":"https:\/\/emisoracolon.com.ar\/index.php\/wp-json\/wp\/v2\/types\/post"}],"author":[{"embeddable":true,"href":"https:\/\/emisoracolon.com.ar\/index.php\/wp-json\/wp\/v2\/users\/1"}],"replies":[{"embeddable":true,"href":"https:\/\/emisoracolon.com.ar\/index.php\/wp-json\/wp\/v2\/comments?post=11728"}],"version-history":[{"count":1,"href":"https:\/\/emisoracolon.com.ar\/index.php\/wp-json\/wp\/v2\/posts\/11728\/revisions"}],"predecessor-version":[{"id":11729,"href":"https:\/\/emisoracolon.com.ar\/index.php\/wp-json\/wp\/v2\/posts\/11728\/revisions\/11729"}],"wp:featuredmedia":[{"embeddable":true,"href":"https:\/\/emisoracolon.com.ar\/index.php\/wp-json\/wp\/v2\/media\/4560"}],"wp:attachment":[{"href":"https:\/\/emisoracolon.com.ar\/index.php\/wp-json\/wp\/v2\/media?parent=11728"}],"wp:term":[{"taxonomy":"category","embeddable":true,"href":"https:\/\/emisoracolon.com.ar\/index.php\/wp-json\/wp\/v2\/categories?post=11728"},{"taxonomy":"post_tag","embeddable":true,"href":"https:\/\/emisoracolon.com.ar\/index.php\/wp-json\/wp\/v2\/tags?post=11728"}],"curies":[{"name":"wp","href":"https:\/\/api.w.org\/{rel}","templated":true}]}}