{"id":11726,"date":"2026-08-31T18:52:51","date_gmt":"2026-08-31T21:52:51","guid":{"rendered":"https:\/\/emisoracolon.com.ar\/?p=11726"},"modified":"2026-08-31T18:52:51","modified_gmt":"2026-08-31T21:52:51","slug":"productores-rurales-reclaman-cuentas-claras-y-mejoras-en-los-caminos","status":"publish","type":"post","link":"https:\/\/emisoracolon.com.ar\/index.php\/2026\/08\/31\/productores-rurales-reclaman-cuentas-claras-y-mejoras-en-los-caminos\/","title":{"rendered":"Productores rurales reclaman cuentas claras y mejoras en los caminos"},"content":{"rendered":"\n<p class=\"wp-block-paragraph\">El vicepresidente de la Sociedad Rural de Col\u00f3n, Jos\u00e9 Manfredini, se refiri\u00f3 al reclamo que productores rurales vienen realizando por el estado de los caminos y el destino de los recursos recaudados mediante la Tasa de Red Vial. Tras la reuni\u00f3n mantenida con representantes del Ejecutivo municipal, sostuvo que el encuentro se desarroll\u00f3 en buenos t\u00e9rminos, aunque consider\u00f3 que quedaron pendientes respuestas concretas.<\/p>\n\n\n\n<p class=\"wp-block-paragraph\">Manfredini explic\u00f3 que los productores solicitaron un detalle de los fondos recaudados y de las inversiones realizadas en la red vial. Seg\u00fan sus estimaciones, se habr\u00edan recaudado cerca de $1.500 millones, mientras que la inversi\u00f3n efectivamente destinada a los caminos rondar\u00eda entre $300 y $400 millones.<\/p>\n\n\n\n<p class=\"wp-block-paragraph\">\u201cQueremos que nos den los n\u00fameros, que nos expliquen y detallen en qu\u00e9 gastaron: horas de trabajo, combustible, reparaciones y mantenimiento de las m\u00e1quinas\u201d, se\u00f1al\u00f3. Agreg\u00f3 que el Municipio brind\u00f3 informaci\u00f3n general, pero que los productores pretenden acceder a comprobantes y documentaci\u00f3n que permita conocer con precisi\u00f3n el destino de los recursos.<\/p>\n\n\n\n<p class=\"wp-block-paragraph\">Uno de los principales cuestionamientos est\u00e1 relacionado con el estado de la red vial. Manfredini asegur\u00f3 que existen caminos por los que las m\u00e1quinas municipales no pasan desde hace varios a\u00f1os y mencion\u00f3 sectores de Piazza, Arbolito y el denominado camino del medio hacia Sarasa.<\/p>\n\n\n\n<p class=\"wp-block-paragraph\">Tambi\u00e9n cuestion\u00f3 la falta de maquinaria adecuada. \u201cHoy el municipio se qued\u00f3 sin maquinaria vial. La que hay es vieja, se rompe y no est\u00e1 a la altura de lo que se necesita\u201d, afirm\u00f3.<\/p>\n\n\n\n<p class=\"wp-block-paragraph\">Respecto de los trabajos realizados recientemente, sostuvo que no alcanza con tapar baches o realizar intervenciones puntuales. Consider\u00f3 necesario altear, abovedar y cunetear los caminos para facilitar el escurrimiento del agua y evitar que las lluvias provoquen mayores deterioros.<\/p>\n\n\n\n<p class=\"wp-block-paragraph\">Los productores fueron convocados a una nueva reuni\u00f3n para el 3 de septiembre, instancia a la que Manfredini confirm\u00f3 que asistir\u00e1n, aunque remarc\u00f3 que primero esperan la rendici\u00f3n detallada de los gastos.<\/p>\n\n\n\n<p class=\"wp-block-paragraph\">\u201cQueremos las cuentas claras y despu\u00e9s trabajar juntos\u201d, sostuvo. En caso de no obtener respuestas, indic\u00f3 que cuentan con el asesoramiento del abogado especialista en caminos rurales Pablo Abd\u00f3n, aunque aclar\u00f3 que la intenci\u00f3n es evitar llegar a la Justicia.<\/p>\n\n\n\n<p class=\"wp-block-paragraph\">Finalmente, Manfredini neg\u00f3 que el reclamo tenga una motivaci\u00f3n pol\u00edtica y asegur\u00f3 que \u201cno hay ninguna rebeli\u00f3n fiscal\u201d, ya que los productores contin\u00faan pagando la tasa.<\/p>\n","protected":false},"excerpt":{"rendered":"<p>El vicepresidente de la Sociedad Rural de Col\u00f3n, Jos\u00e9 Manfredini, se refiri\u00f3 al reclamo que productores rurales vienen realizando por el estado de los caminos y el destino de los recursos recaudados&#8230;<\/p>\n","protected":false},"author":1,"featured_media":11550,"comment_status":"open","ping_status":"open","sticky":false,"template":"","format":"standard","meta":{"footnotes":""},"categories":[3],"tags":[],"class_list":["post-11726","post","type-post","status-publish","format-standard","has-post-thumbnail","hentry","category-general"],"_links":{"self":[{"href":"https:\/\/emisoracolon.com.ar\/index.php\/wp-json\/wp\/v2\/posts\/11726","targetHints":{"allow":["GET"]}}],"collection":[{"href":"https:\/\/emisoracolon.com.ar\/index.php\/wp-json\/wp\/v2\/posts"}],"about":[{"href":"https:\/\/emisoracolon.com.ar\/index.php\/wp-json\/wp\/v2\/types\/post"}],"author":[{"embeddable":true,"href":"https:\/\/emisoracolon.com.ar\/index.php\/wp-json\/wp\/v2\/users\/1"}],"replies":[{"embeddable":true,"href":"https:\/\/emisoracolon.com.ar\/index.php\/wp-json\/wp\/v2\/comments?post=11726"}],"version-history":[{"count":1,"href":"https:\/\/emisoracolon.com.ar\/index.php\/wp-json\/wp\/v2\/posts\/11726\/revisions"}],"predecessor-version":[{"id":11727,"href":"https:\/\/emisoracolon.com.ar\/index.php\/wp-json\/wp\/v2\/posts\/11726\/revisions\/11727"}],"wp:featuredmedia":[{"embeddable":true,"href":"https:\/\/emisoracolon.com.ar\/index.php\/wp-json\/wp\/v2\/media\/11550"}],"wp:attachment":[{"href":"https:\/\/emisoracolon.com.ar\/index.php\/wp-json\/wp\/v2\/media?parent=11726"}],"wp:term":[{"taxonomy":"category","embeddable":true,"href":"https:\/\/emisoracolon.com.ar\/index.php\/wp-json\/wp\/v2\/categories?post=11726"},{"taxonomy":"post_tag","embeddable":true,"href":"https:\/\/emisoracolon.com.ar\/index.php\/wp-json\/wp\/v2\/tags?post=11726"}],"curies":[{"name":"wp","href":"https:\/\/api.w.org\/{rel}","templated":true}]}}