{"id":107,"date":"2024-03-27T18:58:04","date_gmt":"2024-03-27T21:58:04","guid":{"rendered":"https:\/\/emisoracolon.com.ar\/?p=107"},"modified":"2024-03-27T18:58:04","modified_gmt":"2024-03-27T21:58:04","slug":"se-conmemoro-el-24-de-marzo-en-el-hcd-y-la-plaza","status":"publish","type":"post","link":"https:\/\/emisoracolon.com.ar\/index.php\/2024\/03\/27\/se-conmemoro-el-24-de-marzo-en-el-hcd-y-la-plaza\/","title":{"rendered":"Se conmemor\u00f3 el 24 de marzo en el HCD y la plaza"},"content":{"rendered":"\n<p>Tambi\u00e9n en nuestra ciudad se record\u00f3 lo sucedido con el \u00faltimo golpe militar ocurrido el 24 de marzo de 1976. Se lo hizo con un encuentro en el recinto del Concejo Deliberante, la casa de la democracia en pueblos como este, que por aquel entonces se convirti\u00f3 en un dep\u00f3sito de la Municipalidad.<\/p>\n\n\n\n<p>Tras una introducci\u00f3n al tema por parte de Itat\u00ed, un grupo de bailarinas y bailarines de tango mostraron su talento haciendo alusi\u00f3n al tema de los pa\u00f1uelos blancos. El intendente, Waldemar Giordano iz\u00f3 la bandera con la presidenta del bloque radical, Claudia Necco. Enseguida, Pablo Pascua y los presentes, algo m\u00e1s de un centenar de personas, entonaron las estrofas del Himno Nacional Argentina. El tema del golpe c\u00edvico militar fue abordado por Mat\u00edas C\u00e1nepa que habl\u00f3 de su significado y las consecuencias, mientras que las actividades en el interior del Concejo Deliberante concluyeron con un cuadro de folklore del grupo que conduce Luciano Villalba, que tanto en su m\u00fasica como en las coreograf\u00edas mostr\u00f3 las im\u00e1genes de dolor de aquellos a\u00f1os crueles con derechos cercenados.<\/p>\n\n\n\n<p>Tras ello todos los presentes concurrieron al monolito ubicado en bulevar 50 entre 17 y 18 donde depositaron una ofrenda floral la hermana de Horacio Bertholet y Ricardo Raineri, v\u00edctimas de la dictadura. El final fue con un mensaje del intendente Waldemar Giordano que no solo habl\u00f3 de aquellos crueles momentos sino que lo ligo con el negacionismo del actual gobierno y sus aliados como Mauricio Macri.<\/p>\n\n\n\n<p><\/p>\n","protected":false},"excerpt":{"rendered":"<p>Tambi\u00e9n en nuestra ciudad se record\u00f3 lo sucedido con el \u00faltimo golpe militar ocurrido el 24 de marzo de 1976. Se lo hizo con un encuentro en el recinto del Concejo Deliberante,&#8230;<\/p>\n","protected":false},"author":2,"featured_media":108,"comment_status":"open","ping_status":"open","sticky":false,"template":"","format":"standard","meta":{"footnotes":""},"categories":[7,3,5],"tags":[],"class_list":["post-107","post","type-post","status-publish","format-standard","has-post-thumbnail","hentry","category-cultura","category-general","category-politica_local"],"_links":{"self":[{"href":"https:\/\/emisoracolon.com.ar\/index.php\/wp-json\/wp\/v2\/posts\/107","targetHints":{"allow":["GET"]}}],"collection":[{"href":"https:\/\/emisoracolon.com.ar\/index.php\/wp-json\/wp\/v2\/posts"}],"about":[{"href":"https:\/\/emisoracolon.com.ar\/index.php\/wp-json\/wp\/v2\/types\/post"}],"author":[{"embeddable":true,"href":"https:\/\/emisoracolon.com.ar\/index.php\/wp-json\/wp\/v2\/users\/2"}],"replies":[{"embeddable":true,"href":"https:\/\/emisoracolon.com.ar\/index.php\/wp-json\/wp\/v2\/comments?post=107"}],"version-history":[{"count":1,"href":"https:\/\/emisoracolon.com.ar\/index.php\/wp-json\/wp\/v2\/posts\/107\/revisions"}],"predecessor-version":[{"id":109,"href":"https:\/\/emisoracolon.com.ar\/index.php\/wp-json\/wp\/v2\/posts\/107\/revisions\/109"}],"wp:featuredmedia":[{"embeddable":true,"href":"https:\/\/emisoracolon.com.ar\/index.php\/wp-json\/wp\/v2\/media\/108"}],"wp:attachment":[{"href":"https:\/\/emisoracolon.com.ar\/index.php\/wp-json\/wp\/v2\/media?parent=107"}],"wp:term":[{"taxonomy":"category","embeddable":true,"href":"https:\/\/emisoracolon.com.ar\/index.php\/wp-json\/wp\/v2\/categories?post=107"},{"taxonomy":"post_tag","embeddable":true,"href":"https:\/\/emisoracolon.com.ar\/index.php\/wp-json\/wp\/v2\/tags?post=107"}],"curies":[{"name":"wp","href":"https:\/\/api.w.org\/{rel}","templated":true}]}}