{"id":10579,"date":"2026-05-01T09:11:38","date_gmt":"2026-05-01T12:11:38","guid":{"rendered":"https:\/\/emisoracolon.com.ar\/?p=10579"},"modified":"2026-05-01T09:11:38","modified_gmt":"2026-05-01T12:11:38","slug":"fallecimiento-viernes-01-mayo-2026","status":"publish","type":"post","link":"https:\/\/emisoracolon.com.ar\/index.php\/2026\/05\/01\/fallecimiento-viernes-01-mayo-2026\/","title":{"rendered":"Fallecimiento Viernes 01 Mayo 2026"},"content":{"rendered":"\n<p>Falleci\u00f3 JOSE ARMANDO ORTEGA . 83 a\u00f1os. Velatorio sala 4 Soc Pop Serv. F\u00fanebres. Casa de Duelo; 49 12\/13. Sepelio: Hoy Viernes Cement. Municipal<\/p>\n","protected":false},"excerpt":{"rendered":"<p>Falleci\u00f3 JOSE ARMANDO ORTEGA . 83 a\u00f1os. Velatorio sala 4 Soc Pop Serv. F\u00fanebres. Casa de Duelo; 49 12\/13. Sepelio: Hoy Viernes Cement. Municipal<\/p>\n","protected":false},"author":1,"featured_media":3438,"comment_status":"open","ping_status":"open","sticky":false,"template":"","format":"standard","meta":{"footnotes":""},"categories":[1],"tags":[],"class_list":["post-10579","post","type-post","status-publish","format-standard","has-post-thumbnail","hentry","category-sin-categoria"],"_links":{"self":[{"href":"https:\/\/emisoracolon.com.ar\/index.php\/wp-json\/wp\/v2\/posts\/10579","targetHints":{"allow":["GET"]}}],"collection":[{"href":"https:\/\/emisoracolon.com.ar\/index.php\/wp-json\/wp\/v2\/posts"}],"about":[{"href":"https:\/\/emisoracolon.com.ar\/index.php\/wp-json\/wp\/v2\/types\/post"}],"author":[{"embeddable":true,"href":"https:\/\/emisoracolon.com.ar\/index.php\/wp-json\/wp\/v2\/users\/1"}],"replies":[{"embeddable":true,"href":"https:\/\/emisoracolon.com.ar\/index.php\/wp-json\/wp\/v2\/comments?post=10579"}],"version-history":[{"count":1,"href":"https:\/\/emisoracolon.com.ar\/index.php\/wp-json\/wp\/v2\/posts\/10579\/revisions"}],"predecessor-version":[{"id":10580,"href":"https:\/\/emisoracolon.com.ar\/index.php\/wp-json\/wp\/v2\/posts\/10579\/revisions\/10580"}],"wp:featuredmedia":[{"embeddable":true,"href":"https:\/\/emisoracolon.com.ar\/index.php\/wp-json\/wp\/v2\/media\/3438"}],"wp:attachment":[{"href":"https:\/\/emisoracolon.com.ar\/index.php\/wp-json\/wp\/v2\/media?parent=10579"}],"wp:term":[{"taxonomy":"category","embeddable":true,"href":"https:\/\/emisoracolon.com.ar\/index.php\/wp-json\/wp\/v2\/categories?post=10579"},{"taxonomy":"post_tag","embeddable":true,"href":"https:\/\/emisoracolon.com.ar\/index.php\/wp-json\/wp\/v2\/tags?post=10579"}],"curies":[{"name":"wp","href":"https:\/\/api.w.org\/{rel}","templated":true}]}}