{"id":10575,"date":"2026-04-30T17:53:07","date_gmt":"2026-04-30T20:53:07","guid":{"rendered":"https:\/\/emisoracolon.com.ar\/?p=10575"},"modified":"2026-04-30T17:53:24","modified_gmt":"2026-04-30T20:53:24","slug":"se-discutio-mucho-mas-que-la-discapacidad","status":"publish","type":"post","link":"https:\/\/emisoracolon.com.ar\/index.php\/2026\/04\/30\/se-discutio-mucho-mas-que-la-discapacidad\/","title":{"rendered":"Se discuti\u00f3 mucho m\u00e1s que la discapacidad"},"content":{"rendered":"\n<p>Tuvo lugar un fuerte cruce pol\u00edtico por la discapacidad en el Concejo Deliberante. Comenz\u00f3 con el apoyo a acompa\u00f1antes terap\u00e9uticos y termin\u00f3 en un debate de fondo sobre el modelo de pa\u00eds<\/p>\n\n\n\n<p>El tratamiento de un expediente de apoyo a los acompa\u00f1antes terap\u00e9uticos deriv\u00f3 en una intensa discusi\u00f3n pol\u00edtica en el Concejo Deliberante, donde oficialismo y oposici\u00f3n expusieron diferencias de fondo sobre c\u00f3mo se aborda la discapacidad en la Argentina bajo el gobierno de Javier Milei.<\/p>\n\n\n\n<p>Si bien el proyecto fue acompa\u00f1ado, el debate dej\u00f3 en evidencia dos miradas contrapuestas: por un lado, quienes advierten sobre un ajuste que impacta directamente en las personas con discapacidad, y por otro, quienes sostienen que se est\u00e1 ordenando un sistema que ven\u00eda desbordado.<\/p>\n\n\n\n<p>Desde el bloque Fuerza Patria, Nicol\u00e1s Luj\u00e1n remarc\u00f3 la gravedad de la situaci\u00f3n planteada por los acompa\u00f1antes terap\u00e9uticos, quienes advirtieron sobre la interrupci\u00f3n de terapias en ni\u00f1os, ni\u00f1as y adultos. En ese marco, cuestion\u00f3 la coherencia de algunos sectores pol\u00edticos.<\/p>\n\n\n\n<p>\u201cVenimos, levantamos la mano y acompa\u00f1amos, pero a nivel nacional se impulsa la desregulaci\u00f3n. Es una falta de respeto\u201d, sostuvo, al tiempo que reafirm\u00f3 el acompa\u00f1amiento a la regulaci\u00f3n de la actividad.<\/p>\n\n\n\n<p>En la misma l\u00ednea, Brenda Sarmoria ampli\u00f3 la cr\u00edtica al se\u00f1alar que las modificaciones impulsadas a nivel nacional implican un retroceso. Mencion\u00f3 especialmente los cambios propuestos en pensiones y en el nomenclador de prestaciones, al advertir que \u201cintroducen una l\u00f3gica de mercado en un \u00e1mbito donde eso no puede no producir da\u00f1o\u201d.<\/p>\n\n\n\n<p>Adem\u00e1s, hizo referencia a recientes movilizaciones en defensa del sistema de discapacidad y expres\u00f3 su \u201cprofundo repudio\u201d a las pol\u00edticas que, seg\u00fan consider\u00f3, afectan derechos b\u00e1sicos.<\/p>\n\n\n\n<p>La respuesta del oficialismo lleg\u00f3 de la mano del concejal Marcelo Montagna, de La Libertad Avanza, quien defendi\u00f3 el rumbo del gobierno nacional y apunt\u00f3 contra las gestiones anteriores.<\/p>\n\n\n\n<p>\u201cEl sistema creci\u00f3 de manera descontrolada. Las pensiones aumentaron sin justificaci\u00f3n y se usaron pol\u00edticamente. Hoy se busca ordenar, auditar y garantizar que lleguen a quienes realmente lo necesitan\u201d, afirm\u00f3.<\/p>\n\n\n\n<p>Montagna insisti\u00f3 en que el problema es doble: el fraude y la falta de controles, sumados a un esquema \u201cdeficitario e insostenible\u201d. En ese sentido, plante\u00f3 que \u201cno hay que confundir inclusi\u00f3n con populismo\u201d, y defendi\u00f3 las auditor\u00edas y revisiones en curso.<\/p>\n\n\n\n<p>El cruce se tens\u00f3 cuando Luj\u00e1n volvi\u00f3 a tomar la palabra y llev\u00f3 la discusi\u00f3n al plano local, al recordar las dificultades que atravesaron vecinos de la ciudad ante las citaciones para juntas m\u00e9dicas.<\/p>\n\n\n\n<p>\u201cHubo que poner veh\u00edculos municipales para que la gente pudiera asistir y no perder la pensi\u00f3n. Eso pas\u00f3 ac\u00e1, no es teor\u00eda\u201d, remarc\u00f3.<\/p>\n\n\n\n<p>Sarmoria, por su parte, cuestion\u00f3 decisiones legislativas del oficialismo y pidi\u00f3 explicaciones sobre la falta de apoyo a iniciativas de regulaci\u00f3n de los acompa\u00f1antes terap\u00e9uticos, planteando el impacto directo en familias que dependen de esas prestaciones.<\/p>\n\n\n\n<p>El debate sum\u00f3 adem\u00e1s la intervenci\u00f3n de N\u00e9stor Iacci, de Nuevos Aires, quien cuestion\u00f3 el uso del concepto de \u201cpopulismo\u201d y sugiri\u00f3 revisar su definici\u00f3n, al considerar que se lo utiliza de manera parcial.<\/p>\n\n\n\n<p>M\u00e1s all\u00e1 de las posiciones, la sesi\u00f3n dej\u00f3 en claro que el expediente tratado funcion\u00f3 como disparador de una discusi\u00f3n mucho m\u00e1s amplia. Lo que estaba en juego ya no era solo el reconocimiento y regulaci\u00f3n de los acompa\u00f1antes terap\u00e9uticos, sino el modelo de atenci\u00f3n en discapacidad: un sistema basado en derechos con cobertura universal, o uno m\u00e1s focalizado, con mayor control y revisi\u00f3n de prestaciones.<\/p>\n\n\n\n<p>En ese cruce de visiones, el tema seguir\u00e1 en agenda. Porque detr\u00e1s de los n\u00fameros y los discursos, lo que aparece \u2014como coincidieron en se\u00f1alar distintos concejales\u2014 es el impacto concreto en la vida cotidiana de las personas con discapacidad y sus familias.<\/p>\n","protected":false},"excerpt":{"rendered":"<p>Tuvo lugar un fuerte cruce pol\u00edtico por la discapacidad en el Concejo Deliberante. Comenz\u00f3 con el apoyo a acompa\u00f1antes terap\u00e9uticos y termin\u00f3 en un debate de fondo sobre el modelo de pa\u00eds&#8230;<\/p>\n","protected":false},"author":1,"featured_media":10578,"comment_status":"open","ping_status":"open","sticky":false,"template":"","format":"standard","meta":{"footnotes":""},"categories":[1],"tags":[],"class_list":["post-10575","post","type-post","status-publish","format-standard","has-post-thumbnail","hentry","category-sin-categoria"],"_links":{"self":[{"href":"https:\/\/emisoracolon.com.ar\/index.php\/wp-json\/wp\/v2\/posts\/10575","targetHints":{"allow":["GET"]}}],"collection":[{"href":"https:\/\/emisoracolon.com.ar\/index.php\/wp-json\/wp\/v2\/posts"}],"about":[{"href":"https:\/\/emisoracolon.com.ar\/index.php\/wp-json\/wp\/v2\/types\/post"}],"author":[{"embeddable":true,"href":"https:\/\/emisoracolon.com.ar\/index.php\/wp-json\/wp\/v2\/users\/1"}],"replies":[{"embeddable":true,"href":"https:\/\/emisoracolon.com.ar\/index.php\/wp-json\/wp\/v2\/comments?post=10575"}],"version-history":[{"count":1,"href":"https:\/\/emisoracolon.com.ar\/index.php\/wp-json\/wp\/v2\/posts\/10575\/revisions"}],"predecessor-version":[{"id":10576,"href":"https:\/\/emisoracolon.com.ar\/index.php\/wp-json\/wp\/v2\/posts\/10575\/revisions\/10576"}],"wp:featuredmedia":[{"embeddable":true,"href":"https:\/\/emisoracolon.com.ar\/index.php\/wp-json\/wp\/v2\/media\/10578"}],"wp:attachment":[{"href":"https:\/\/emisoracolon.com.ar\/index.php\/wp-json\/wp\/v2\/media?parent=10575"}],"wp:term":[{"taxonomy":"category","embeddable":true,"href":"https:\/\/emisoracolon.com.ar\/index.php\/wp-json\/wp\/v2\/categories?post=10575"},{"taxonomy":"post_tag","embeddable":true,"href":"https:\/\/emisoracolon.com.ar\/index.php\/wp-json\/wp\/v2\/tags?post=10575"}],"curies":[{"name":"wp","href":"https:\/\/api.w.org\/{rel}","templated":true}]}}