{"id":10572,"date":"2026-04-30T17:50:41","date_gmt":"2026-04-30T20:50:41","guid":{"rendered":"https:\/\/emisoracolon.com.ar\/?p=10572"},"modified":"2026-04-30T17:50:41","modified_gmt":"2026-04-30T20:50:41","slug":"el-canotaje-argentino-vive-un-fin-de-semana-decisivo-en-colon","status":"publish","type":"post","link":"https:\/\/emisoracolon.com.ar\/index.php\/2026\/04\/30\/el-canotaje-argentino-vive-un-fin-de-semana-decisivo-en-colon\/","title":{"rendered":"El canotaje argentino vive un fin de semana decisivo en Col\u00f3n!"},"content":{"rendered":"\n<p>Desde hoy 30 de abril al 3 de mayo, el Lago Municipal de Col\u00f3n es sede del Campeonato Argentino de Medio Fondo para las categor\u00edas categor\u00edas Cadete, Junior, Sub-23, Senior y Paracanotaje). Tambi\u00e9n, en simult\u00e1neo al evento, se realizar\u00e1 el 1er Selectivo Nacional 2026 para las categor\u00edas Menor, Cadete, Junior, Sub-23, Senior, Master y Paracanotaje y el 2\u00b0 Selectivo Nacional de Velocidad de canotaje, con una importante cantidad de pruebas con la participaci\u00f3n de 280 deportistas de todo el pa\u00eds.<\/p>\n\n\n\n<p>La sumatoria de puntos entre ambos selectivos ser\u00e1 clave para definir a quienes representar\u00e1n a la Argentina en los pr\u00f3ximos eventos internacionales.<\/p>\n\n\n\n<p>Ser\u00e1n cuatro d\u00edas de competencia, talento y pasi\u00f3n en el agua. \u00a1Acompa\u00f1emos a nuestros atletas en este gran desaf\u00edo<\/p>\n","protected":false},"excerpt":{"rendered":"<p>Desde hoy 30 de abril al 3 de mayo, el Lago Municipal de Col\u00f3n es sede del Campeonato Argentino de Medio Fondo para las categor\u00edas categor\u00edas Cadete, Junior, Sub-23, Senior y Paracanotaje)&#8230;.<\/p>\n","protected":false},"author":1,"featured_media":10573,"comment_status":"open","ping_status":"open","sticky":false,"template":"","format":"standard","meta":{"footnotes":""},"categories":[6],"tags":[],"class_list":["post-10572","post","type-post","status-publish","format-standard","has-post-thumbnail","hentry","category-deportes"],"_links":{"self":[{"href":"https:\/\/emisoracolon.com.ar\/index.php\/wp-json\/wp\/v2\/posts\/10572","targetHints":{"allow":["GET"]}}],"collection":[{"href":"https:\/\/emisoracolon.com.ar\/index.php\/wp-json\/wp\/v2\/posts"}],"about":[{"href":"https:\/\/emisoracolon.com.ar\/index.php\/wp-json\/wp\/v2\/types\/post"}],"author":[{"embeddable":true,"href":"https:\/\/emisoracolon.com.ar\/index.php\/wp-json\/wp\/v2\/users\/1"}],"replies":[{"embeddable":true,"href":"https:\/\/emisoracolon.com.ar\/index.php\/wp-json\/wp\/v2\/comments?post=10572"}],"version-history":[{"count":1,"href":"https:\/\/emisoracolon.com.ar\/index.php\/wp-json\/wp\/v2\/posts\/10572\/revisions"}],"predecessor-version":[{"id":10574,"href":"https:\/\/emisoracolon.com.ar\/index.php\/wp-json\/wp\/v2\/posts\/10572\/revisions\/10574"}],"wp:featuredmedia":[{"embeddable":true,"href":"https:\/\/emisoracolon.com.ar\/index.php\/wp-json\/wp\/v2\/media\/10573"}],"wp:attachment":[{"href":"https:\/\/emisoracolon.com.ar\/index.php\/wp-json\/wp\/v2\/media?parent=10572"}],"wp:term":[{"taxonomy":"category","embeddable":true,"href":"https:\/\/emisoracolon.com.ar\/index.php\/wp-json\/wp\/v2\/categories?post=10572"},{"taxonomy":"post_tag","embeddable":true,"href":"https:\/\/emisoracolon.com.ar\/index.php\/wp-json\/wp\/v2\/tags?post=10572"}],"curies":[{"name":"wp","href":"https:\/\/api.w.org\/{rel}","templated":true}]}}