{"id":10567,"date":"2026-04-30T17:48:43","date_gmt":"2026-04-30T20:48:43","guid":{"rendered":"https:\/\/emisoracolon.com.ar\/?p=10567"},"modified":"2026-04-30T17:48:43","modified_gmt":"2026-04-30T20:48:43","slug":"suman-dos-barrios-al-dia-verde","status":"publish","type":"post","link":"https:\/\/emisoracolon.com.ar\/index.php\/2026\/04\/30\/suman-dos-barrios-al-dia-verde\/","title":{"rendered":"Suman dos barrios al \u201cD\u00eda Verde\u201d"},"content":{"rendered":"\n<p>Con el veh\u00edculo de recolecci\u00f3n diferenciada la Municipalidad y el \u00e1rea correspondiente suma dos puntos de recolecci\u00f3n diferenciada.<\/p>\n\n\n\n<p>Se trata de los barrios Los Pinos y 150 Viviendas, y adem\u00e1s a partir del jueves 7 de mayo se realizar\u00e1 el recorrido por Progreso y El Mangrullo.<\/p>\n\n\n\n<p>Simplemente se degen que sacar los materiales reciclables por la ma\u00f1ana y luego ser\u00e1n recolectados. El Progreso: se extiende de 9 a RN8 y de 50 a 38 y El Mangrullo: de 8 a RN8 de 38 a 3<\/p>\n","protected":false},"excerpt":{"rendered":"<p>Con el veh\u00edculo de recolecci\u00f3n diferenciada la Municipalidad y el \u00e1rea correspondiente suma dos puntos de recolecci\u00f3n diferenciada. Se trata de los barrios Los Pinos y 150 Viviendas, y adem\u00e1s a partir&#8230;<\/p>\n","protected":false},"author":1,"featured_media":10204,"comment_status":"open","ping_status":"open","sticky":false,"template":"","format":"standard","meta":{"footnotes":""},"categories":[1],"tags":[],"class_list":["post-10567","post","type-post","status-publish","format-standard","has-post-thumbnail","hentry","category-sin-categoria"],"_links":{"self":[{"href":"https:\/\/emisoracolon.com.ar\/index.php\/wp-json\/wp\/v2\/posts\/10567","targetHints":{"allow":["GET"]}}],"collection":[{"href":"https:\/\/emisoracolon.com.ar\/index.php\/wp-json\/wp\/v2\/posts"}],"about":[{"href":"https:\/\/emisoracolon.com.ar\/index.php\/wp-json\/wp\/v2\/types\/post"}],"author":[{"embeddable":true,"href":"https:\/\/emisoracolon.com.ar\/index.php\/wp-json\/wp\/v2\/users\/1"}],"replies":[{"embeddable":true,"href":"https:\/\/emisoracolon.com.ar\/index.php\/wp-json\/wp\/v2\/comments?post=10567"}],"version-history":[{"count":1,"href":"https:\/\/emisoracolon.com.ar\/index.php\/wp-json\/wp\/v2\/posts\/10567\/revisions"}],"predecessor-version":[{"id":10568,"href":"https:\/\/emisoracolon.com.ar\/index.php\/wp-json\/wp\/v2\/posts\/10567\/revisions\/10568"}],"wp:featuredmedia":[{"embeddable":true,"href":"https:\/\/emisoracolon.com.ar\/index.php\/wp-json\/wp\/v2\/media\/10204"}],"wp:attachment":[{"href":"https:\/\/emisoracolon.com.ar\/index.php\/wp-json\/wp\/v2\/media?parent=10567"}],"wp:term":[{"taxonomy":"category","embeddable":true,"href":"https:\/\/emisoracolon.com.ar\/index.php\/wp-json\/wp\/v2\/categories?post=10567"},{"taxonomy":"post_tag","embeddable":true,"href":"https:\/\/emisoracolon.com.ar\/index.php\/wp-json\/wp\/v2\/tags?post=10567"}],"curies":[{"name":"wp","href":"https:\/\/api.w.org\/{rel}","templated":true}]}}