{"id":10560,"date":"2026-04-30T17:45:59","date_gmt":"2026-04-30T20:45:59","guid":{"rendered":"https:\/\/emisoracolon.com.ar\/?p=10560"},"modified":"2026-04-30T17:45:59","modified_gmt":"2026-04-30T20:45:59","slug":"en-el-polo-cultural-festejos-por-el-1o-de-mayo","status":"publish","type":"post","link":"https:\/\/emisoracolon.com.ar\/index.php\/2026\/04\/30\/en-el-polo-cultural-festejos-por-el-1o-de-mayo\/","title":{"rendered":"En el Polo Cultural festejos por el 1o de Mayo"},"content":{"rendered":"\n<p>Ma\u00f1ana 1\u00ba de mayo, D\u00eda de los Trabajadores y Trabajadoras, tendr\u00e1 en Col\u00f3n una celebraci\u00f3n especial que ya es parte de la identidad local. Desde las 14:00, el Polo Cultural ser\u00e1 el punto de encuentro para una jornada pensada para toda la familia, con espect\u00e1culos, feria de emprendedores y una fuerte presencia de artistas locales.<\/p>\n\n\n\n<p>Tendr\u00e1 como eje una grilla integrada exclusivamente por artistas colonenses. La actividad comenzar\u00e1 alrededor de las 15:30 y se extender\u00e1 hasta la noche, con la idea de que el p\u00fablico pueda recorrer tambi\u00e9n el paseo de emprendedores y disfrutar de propuestas gastron\u00f3micas.<\/p>\n\n\n\n<p>Va a ser una fiesta totalmente familiar, con una grilla muy variada. Ser\u00e1 una tarde-noche larga, y si todo se desarrolla seg\u00fan lo previsto, cerca de las 22:00 la jornada estar\u00e1 finalizando.<\/p>\n\n\n\n<p>El evento combinar\u00e1 distintas expresiones art\u00edsticas: participar\u00e1 la Escuela de Bellas Artes, habr\u00e1 un espect\u00e1culo infantil denominado Sin Partitura \u2014con artistas locales como Ana Bel\u00e9n Rodr\u00edguez, M\u00f3nica Arag\u00f3n y Mat\u00edas Martinelli\u2014, adem\u00e1s de propuestas musicales para todos los gustos. Se presentar\u00e1n bandas como Sin Filtro (con covers en ingl\u00e9s), habr\u00e1 cumbia, folclore con Estela Guti\u00e9rrez, blues con Same Blood, y tambi\u00e9n el show de Pablo Pascua, quien presentar\u00e1 su trabajo antes de llevarlo a Buenos Aires. El cierre estar\u00e1 a cargo de La Gruessonika .<\/p>\n\n\n\n<p>La fecha tambi\u00e9n coincide con el aniversario del Polo Cultural, inaugurado en 2016, lo que suma otro motivo para el encuentro.<\/p>\n","protected":false},"excerpt":{"rendered":"<p>Ma\u00f1ana 1\u00ba de mayo, D\u00eda de los Trabajadores y Trabajadoras, tendr\u00e1 en Col\u00f3n una celebraci\u00f3n especial que ya es parte de la identidad local. Desde las 14:00, el Polo Cultural ser\u00e1 el&#8230;<\/p>\n","protected":false},"author":1,"featured_media":10450,"comment_status":"open","ping_status":"open","sticky":false,"template":"","format":"standard","meta":{"footnotes":""},"categories":[1],"tags":[],"class_list":["post-10560","post","type-post","status-publish","format-standard","has-post-thumbnail","hentry","category-sin-categoria"],"_links":{"self":[{"href":"https:\/\/emisoracolon.com.ar\/index.php\/wp-json\/wp\/v2\/posts\/10560","targetHints":{"allow":["GET"]}}],"collection":[{"href":"https:\/\/emisoracolon.com.ar\/index.php\/wp-json\/wp\/v2\/posts"}],"about":[{"href":"https:\/\/emisoracolon.com.ar\/index.php\/wp-json\/wp\/v2\/types\/post"}],"author":[{"embeddable":true,"href":"https:\/\/emisoracolon.com.ar\/index.php\/wp-json\/wp\/v2\/users\/1"}],"replies":[{"embeddable":true,"href":"https:\/\/emisoracolon.com.ar\/index.php\/wp-json\/wp\/v2\/comments?post=10560"}],"version-history":[{"count":1,"href":"https:\/\/emisoracolon.com.ar\/index.php\/wp-json\/wp\/v2\/posts\/10560\/revisions"}],"predecessor-version":[{"id":10561,"href":"https:\/\/emisoracolon.com.ar\/index.php\/wp-json\/wp\/v2\/posts\/10560\/revisions\/10561"}],"wp:featuredmedia":[{"embeddable":true,"href":"https:\/\/emisoracolon.com.ar\/index.php\/wp-json\/wp\/v2\/media\/10450"}],"wp:attachment":[{"href":"https:\/\/emisoracolon.com.ar\/index.php\/wp-json\/wp\/v2\/media?parent=10560"}],"wp:term":[{"taxonomy":"category","embeddable":true,"href":"https:\/\/emisoracolon.com.ar\/index.php\/wp-json\/wp\/v2\/categories?post=10560"},{"taxonomy":"post_tag","embeddable":true,"href":"https:\/\/emisoracolon.com.ar\/index.php\/wp-json\/wp\/v2\/tags?post=10560"}],"curies":[{"name":"wp","href":"https:\/\/api.w.org\/{rel}","templated":true}]}}