{"id":104,"date":"2024-03-27T18:56:01","date_gmt":"2024-03-27T21:56:01","guid":{"rendered":"https:\/\/emisoracolon.com.ar\/?p=104"},"modified":"2024-03-27T18:56:01","modified_gmt":"2024-03-27T21:56:01","slug":"recibos-de-luz-sin-apellidos","status":"publish","type":"post","link":"https:\/\/emisoracolon.com.ar\/index.php\/2024\/03\/27\/recibos-de-luz-sin-apellidos\/","title":{"rendered":"Recibos de luz, sin apellidos"},"content":{"rendered":"\n<p>El radicalismo present\u00f3 un pedido de informes para conocer la cantidad de usuarios y monto que paga la Municipalidad en conceptos de recibos de luz.<\/p>\n\n\n\n<p>N\u00e9stor Iacci, expreso, que hay alrededor de 3.000 recibos que paga el municipio, se estima, lo cual \u2013 dijo- \u201cme parece una locura\u201d. Por eso \u2013 continu\u00f3 &#8211; queremos ir a la fuente y que nos informen realmente cu\u00e1nto es lo que se paga y queremos saber los nombres tambi\u00e9n porque por ah\u00ed hay gente que a lo mejor no lo necesita.<\/p>\n\n\n\n<p>Mariela Luciani le respondi\u00f3 que no se dar\u00e1n los nombres y apellidos de los beneficiarios, justamente para poder cuidar de la privacidad y porque, no es necesario-<\/p>\n\n\n\n<p>Alicia Franco dijo lo mismo, \u201dno es justo dar el nombre y el apellido de gente que seguramente es vulnerable para que lo conozca la poblaci\u00f3n\u201d, Agreg\u00f3, \u201cno creo que sean 3000 usuarios, lo que la municipalidad est\u00e9 aportando o pagando la luz, me parece que no hay tantos medidores en Col\u00f3n como para que la municipalidad pague esa cantidad.<\/p>\n\n\n\n<p>Iacci respondi\u00f3, \u201cno estamos pidiendo el listado de los beneficiarios para divulgarlo en un noticiero para que lo sepa todo Col\u00f3n, no podemos salir a desparramar los nombres de cualquier persona que tenga el beneficio, pero estamos cuidando el erario p\u00fablico, el aporte de los contribuyentes de Col\u00f3n y por ah\u00ed a lo mejor hay gente a quienes se les esta pagando siendo que tiene dinero suficiente para poder afrontarlo , como lo han hecho saber\u201d.<\/p>\n\n\n\n<p>Las diferencias existentes en el tema terminaron en votaci\u00f3n, y el oficialismo impuso su criterio y no les dar\u00e1 los nombres de los beneficiarios.<\/p>\n\n\n\n<p><\/p>\n","protected":false},"excerpt":{"rendered":"<p>El radicalismo present\u00f3 un pedido de informes para conocer la cantidad de usuarios y monto que paga la Municipalidad en conceptos de recibos de luz. N\u00e9stor Iacci, expreso, que hay alrededor de&#8230;<\/p>\n","protected":false},"author":2,"featured_media":105,"comment_status":"open","ping_status":"open","sticky":false,"template":"","format":"standard","meta":{"footnotes":""},"categories":[5],"tags":[],"class_list":["post-104","post","type-post","status-publish","format-standard","has-post-thumbnail","hentry","category-politica_local"],"_links":{"self":[{"href":"https:\/\/emisoracolon.com.ar\/index.php\/wp-json\/wp\/v2\/posts\/104","targetHints":{"allow":["GET"]}}],"collection":[{"href":"https:\/\/emisoracolon.com.ar\/index.php\/wp-json\/wp\/v2\/posts"}],"about":[{"href":"https:\/\/emisoracolon.com.ar\/index.php\/wp-json\/wp\/v2\/types\/post"}],"author":[{"embeddable":true,"href":"https:\/\/emisoracolon.com.ar\/index.php\/wp-json\/wp\/v2\/users\/2"}],"replies":[{"embeddable":true,"href":"https:\/\/emisoracolon.com.ar\/index.php\/wp-json\/wp\/v2\/comments?post=104"}],"version-history":[{"count":1,"href":"https:\/\/emisoracolon.com.ar\/index.php\/wp-json\/wp\/v2\/posts\/104\/revisions"}],"predecessor-version":[{"id":106,"href":"https:\/\/emisoracolon.com.ar\/index.php\/wp-json\/wp\/v2\/posts\/104\/revisions\/106"}],"wp:featuredmedia":[{"embeddable":true,"href":"https:\/\/emisoracolon.com.ar\/index.php\/wp-json\/wp\/v2\/media\/105"}],"wp:attachment":[{"href":"https:\/\/emisoracolon.com.ar\/index.php\/wp-json\/wp\/v2\/media?parent=104"}],"wp:term":[{"taxonomy":"category","embeddable":true,"href":"https:\/\/emisoracolon.com.ar\/index.php\/wp-json\/wp\/v2\/categories?post=104"},{"taxonomy":"post_tag","embeddable":true,"href":"https:\/\/emisoracolon.com.ar\/index.php\/wp-json\/wp\/v2\/tags?post=104"}],"curies":[{"name":"wp","href":"https:\/\/api.w.org\/{rel}","templated":true}]}}