{"id":10153,"date":"2026-03-10T16:42:01","date_gmt":"2026-03-10T19:42:01","guid":{"rendered":"https:\/\/emisoracolon.com.ar\/?p=10153"},"modified":"2026-03-10T16:42:01","modified_gmt":"2026-03-10T19:42:01","slug":"discurso-de-giordano","status":"publish","type":"post","link":"https:\/\/emisoracolon.com.ar\/index.php\/2026\/03\/10\/discurso-de-giordano\/","title":{"rendered":"Discurso de Giordano"},"content":{"rendered":"\n<p>En la apertura del per\u00edodo de Sesiones Ordinarias del Concejo Deliberante de Col\u00f3n, el intendente Waldemar Giordano brind\u00f3 su discurso anual, en el que realiz\u00f3 un fuerte posicionamiento pol\u00edtico. Al inicio de su mensaje se refiri\u00f3 a la situaci\u00f3n judicial de la ex presidenta Cristina Fern\u00e1ndez de Kirchner, cuestionando su detenci\u00f3n y vincul\u00e1ndola con el rumbo econ\u00f3mico del pa\u00eds.1. Defensa de Cristina Fern\u00e1ndez de Kirchner<\/p>\n\n\n\n<p>Giordano abri\u00f3 su discurso cuestionando la detenci\u00f3n de Cristina Fern\u00e1ndez de Kirchner, afirmando que es injusta y pol\u00edticamente motivada.<\/p>\n\n\n\n<p>Sostuvo que su prisi\u00f3n busca facilitar el endeudamiento del pa\u00eds y favorecer intereses financieros.<\/p>\n\n\n\n<p>Critic\u00f3 la \u201ctibieza\u201d de dirigentes y juristas frente a lo que considera una condena irregular.<\/p>\n\n\n\n<p>2. Fuerte cr\u00edtica al gobierno nacional<\/p>\n\n\n\n<p>Apunt\u00f3 contra la gesti\u00f3n del presidente Javier Milei, a la que responsabiliz\u00f3 por la crisis econ\u00f3mica actual.<\/p>\n\n\n\n<p>Se\u00f1al\u00f3 que las pol\u00edticas nacionales generan, ca\u00edda del consumo, cierre de empresas, p\u00e9rdida de empleo y aumento de tarifas y combustibles<\/p>\n\n\n\n<p>Afirm\u00f3 que cada vez que el presidente \u201cabre la boca\u201d, en Col\u00f3n aparece un nuevo problema.<\/p>\n\n\n\n<p>3. Impacto de la pol\u00edtica econ\u00f3mica en Col\u00f3n<\/p>\n\n\n\n<p>Dijo que peque\u00f1os comercios, pymes e industrias locales est\u00e1n preocupados por la situaci\u00f3n econ\u00f3mica. Asegur\u00f3 que desde diciembre de 2023 la Naci\u00f3n no envi\u00f3 fondos al municipio, lo que complica la gesti\u00f3n local. Se\u00f1al\u00f3 que el municipio debe enfrentar reclamos sociales cada vez mayores, como ayuda para pagar servicios.<\/p>\n\n\n\n<p>4. Cr\u00edticas al ajuste del gobierno nacional<\/p>\n\n\n\n<p>Seg\u00fan Giordano, el ajuste se financia mediante paralizaci\u00f3n de la obra p\u00fablica, recortes en educaci\u00f3n, cultura y universidades, reducci\u00f3n del poder adquisitivo de jubilaciones y recortes en programas sociales y comedores<\/p>\n\n\n\n<p>Tambi\u00e9n cuestion\u00f3 que aumenten los recursos para fuerzas de seguridad mientras se reducen otras \u00e1reas.<\/p>\n\n\n\n<p>5. Cuestionamiento a los datos econ\u00f3micos oficiales<\/p>\n\n\n\n<p>Puso en duda cifras del gobierno nacional sobre inflaci\u00f3n y salarios.<\/p>\n\n\n\n<p>Critic\u00f3 la afirmaci\u00f3n de que \u201cse triplicaron los salarios en d\u00f3lares\u201d y asegur\u00f3 que la realidad econ\u00f3mica de la gente demuestra lo contrario.<\/p>\n\n\n\n<p>6. Situaci\u00f3n productiva y laboral<\/p>\n\n\n\n<p>Indic\u00f3 que el pa\u00eds atraviesa un momento peor que durante la pandemia para muchas empresas.<\/p>\n\n\n\n<p>Mencion\u00f3: m\u00e1s de 20.000 empresas cerradas, cerca de 300.000 puestos de trabajo perdidos y fuerte ca\u00edda de la actividad industrial.<\/p>\n\n\n\n<p>7. Defensa de la gesti\u00f3n municipal<\/p>\n\n\n\n<p>A pesar del contexto, asegur\u00f3 que el municipio sigue trabajando y avanzando en proyectos. Destac\u00f3 la creaci\u00f3n de la Licenciatura en Enfermer\u00eda en Col\u00f3n, en convenio con la Universidad Nacional del Noroeste de la Provincia de Buenos Aires, para capacitar al personal de salud local.<\/p>\n\n\n\n<p>8. Transparencia en la administraci\u00f3n<\/p>\n\n\n\n<p>Remarc\u00f3 que el municipio alcanz\u00f3 100% en el \u00cdndice de Transparencia Fiscal, mejorando desde 65 puntos e invit\u00f3 a la oposici\u00f3n a controlar los recursos pero tambi\u00e9n a presentar propuestas.<\/p>\n\n\n\n<p>En s\u00edntesis:<\/p>\n\n\n\n<p>La primera parte del discurso estuvo marcada por fuertes cr\u00edticas al gobierno nacional y defensa de Cristina Kirchner, se\u00f1alando que las pol\u00edticas econ\u00f3micas afectan directamente a Col\u00f3n, mientras el municipio intenta sostener servicios y proyectos pese a la falta de recursos nacionales. Luego continu\u00f3 con otros aspectos.<\/p>\n","protected":false},"excerpt":{"rendered":"<p>En la apertura del per\u00edodo de Sesiones Ordinarias del Concejo Deliberante de Col\u00f3n, el intendente Waldemar Giordano brind\u00f3 su discurso anual, en el que realiz\u00f3 un fuerte posicionamiento pol\u00edtico. Al inicio de&#8230;<\/p>\n","protected":false},"author":1,"featured_media":10154,"comment_status":"open","ping_status":"open","sticky":false,"template":"","format":"standard","meta":{"footnotes":""},"categories":[1],"tags":[],"class_list":["post-10153","post","type-post","status-publish","format-standard","has-post-thumbnail","hentry","category-sin-categoria"],"_links":{"self":[{"href":"https:\/\/emisoracolon.com.ar\/index.php\/wp-json\/wp\/v2\/posts\/10153","targetHints":{"allow":["GET"]}}],"collection":[{"href":"https:\/\/emisoracolon.com.ar\/index.php\/wp-json\/wp\/v2\/posts"}],"about":[{"href":"https:\/\/emisoracolon.com.ar\/index.php\/wp-json\/wp\/v2\/types\/post"}],"author":[{"embeddable":true,"href":"https:\/\/emisoracolon.com.ar\/index.php\/wp-json\/wp\/v2\/users\/1"}],"replies":[{"embeddable":true,"href":"https:\/\/emisoracolon.com.ar\/index.php\/wp-json\/wp\/v2\/comments?post=10153"}],"version-history":[{"count":1,"href":"https:\/\/emisoracolon.com.ar\/index.php\/wp-json\/wp\/v2\/posts\/10153\/revisions"}],"predecessor-version":[{"id":10155,"href":"https:\/\/emisoracolon.com.ar\/index.php\/wp-json\/wp\/v2\/posts\/10153\/revisions\/10155"}],"wp:featuredmedia":[{"embeddable":true,"href":"https:\/\/emisoracolon.com.ar\/index.php\/wp-json\/wp\/v2\/media\/10154"}],"wp:attachment":[{"href":"https:\/\/emisoracolon.com.ar\/index.php\/wp-json\/wp\/v2\/media?parent=10153"}],"wp:term":[{"taxonomy":"category","embeddable":true,"href":"https:\/\/emisoracolon.com.ar\/index.php\/wp-json\/wp\/v2\/categories?post=10153"},{"taxonomy":"post_tag","embeddable":true,"href":"https:\/\/emisoracolon.com.ar\/index.php\/wp-json\/wp\/v2\/tags?post=10153"}],"curies":[{"name":"wp","href":"https:\/\/api.w.org\/{rel}","templated":true}]}}