{"id":10148,"date":"2026-03-10T16:40:07","date_gmt":"2026-03-10T19:40:07","guid":{"rendered":"https:\/\/emisoracolon.com.ar\/?p=10148"},"modified":"2026-03-10T16:40:07","modified_gmt":"2026-03-10T19:40:07","slug":"el-16-3-comienza-la-inscripcion-a-bellas-artes","status":"publish","type":"post","link":"https:\/\/emisoracolon.com.ar\/index.php\/2026\/03\/10\/el-16-3-comienza-la-inscripcion-a-bellas-artes\/","title":{"rendered":"El 16\/3 comienza la inscripci\u00f3n a Bellas Artes"},"content":{"rendered":"\n<p>Esta vez la inscripci\u00f3n a los cursos de Bellas Artes ser\u00e1 en dos etapas muy sencillas. La primera es v\u00eda digital y luego presencial y comenzar\u00e1 el pr\u00f3ximo lunes 16 de marzo.<\/p>\n\n\n\n<p>Las clases comienzan el 30 de marzo.<\/p>\n\n\n\n<p>Oferta de cursos de Bellas Artes:<\/p>\n\n\n\n<p>ZUMBA: Lunes y mi\u00e9rcoles de 14 a 15 hs Profesora Julieta Gonz\u00e1lez<\/p>\n\n\n\n<p>RITMOS COREOGR\u00c1FICOS ADULTOS Lunes y jueves de 15 a 16 hs, Profesora: Julieta Pissinis<\/p>\n\n\n\n<p>\u00c1RABE ADULTOS Lunes de 17 a 18 hs Profesora: Julieta Gonz\u00e1lez<\/p>\n\n\n\n<p>\u00c1RABE INFANTIL Lunes de 18 a 19 hs Profesora: Julieta Gonz\u00e1lez<\/p>\n\n\n\n<p>FOLKLORE INFANTIL (7 a 10 a\u00f1os) Lunes de 18 a 19 hs Profesora: Macarena Puzzo<\/p>\n\n\n\n<p>ESTILIZACI\u00d3N FOLKLORICA Lunes y mi\u00e9rcoles de 19 a 20 hs. Profesora: Macarena Puzzo<\/p>\n\n\n\n<p>CONTEMPORANEO ADOLESCENTES\/ADULTOS Lunes de 20 A 22 hs. Profesora: Julieta Pissinis<\/p>\n\n\n\n<p>CORO Martes de 14 a 16 y de 16 a 18 Profesor: Roberto Lanzillota<\/p>\n\n\n\n<p>FOLKLORE ADULTOS Martes y jueves de 20 a 22 Profesor: Ricardo Villalba<\/p>\n\n\n\n<p>DANZAS CL\u00c1SICAS ADULTOS Martes de 19 a 20 hs y jueves de 19 a 20 hs<\/p>\n\n\n\n<p>Profesora: Daiana Yoris<\/p>\n\n\n\n<p>DANZAS CL\u00c1SICAS INFANTIL (7 a 10 a\u00f1os) Martes y jueves de 18 a 19 hs. Profesora: Daiana Yoris<\/p>\n\n\n\n<p>DANZAS CL\u00c1SICAS BABYS (4 a 6 a\u00f1os) Jueves de 17 a 18 hs Profesora: Daiana Yoris<\/p>\n\n\n\n<p>TELAS Jueves de 14 a 15 hs Profesora: Paula Rojas<\/p>\n\n\n\n<p>CUMBIA Y CUARTETO Viernes de 14 a 15 hs Profesora: Valeria \u00c1lvarez<\/p>\n\n\n\n<p>DANZAS ESPA\u00d1OLAS Viernes de 17:30 a 20:30 hs y s\u00e1bado de 14 a 17 hs Profesora: Laura Vignarolli<\/p>\n\n\n\n<p>TANGO Mi\u00e9rcoles de 20 a 22 hs y viernes de 20:30 a 22:30 hs. Profesoras: Florencia Daluisio y Karen Tomino<\/p>\n\n\n\n<p>BATUCADA Y PERCUSI\u00d3N LATINA Lunes de 19 a 23:30 hs Profesor: Carlos Saravia<\/p>\n\n\n\n<p>Polo Cultural \u2013 Est\u00e1ticos<\/p>\n\n\n\n<p>INGL\u00c9S NI\u00d1AS\/OS Lunes de 10:30 a 11:30 Profesora: Soledad Figueroa<\/p>\n\n\n\n<p>MARKETING DIGITAL Lunes y jueves de 15 a 16 hs Profesora: Noelia S\u00e1nchez<\/p>\n\n\n\n<p>MANUALIDADES Lunes de 14 a 16 hs y lunes de 16 a 18 hs. Profesora: Miriam Canciaso<\/p>\n\n\n\n<p>INGL\u00c9S INICIAL ADULTOS Jueves de 17 a 18 hs Profesora: Soledad Figueroa<\/p>\n\n\n\n<p>INGL\u00c9S NI\u00d1AS\/OS AVANZADO Jueves de 18:15 a 19:15 hs Profesora: Soledad Figueroa<\/p>\n\n\n\n<p>INGLES ADULTOS AVANZADO Jueves de 16 a 17 hs Profesora: Soledad Figueroa<\/p>\n\n\n\n<p>DISE\u00d1O DE ACCESORIOS Lunes de 9 a 10:30 y de 10:30 a 12 hs Profesora: Mar\u00eda Jos\u00e9 Millet<\/p>\n\n\n\n<p>CROCHET Martes y jueves de 13:30 a 15:00 (Avanzado) y de 15 a 16:30 hs (Inicial)<\/p>\n\n\n\n<p>Profesora: Jesica Arena<\/p>\n\n\n\n<p>COSTURA CREATIVA Mi\u00e9rcoles y jueves de 14 a 16 hs Profesora: Valeria Jaime<\/p>\n\n\n\n<p>FOTOGRAF\u00cdA Martes y jueves de 18 a 19 hs Profesor: Germ\u00e1n Brahim<\/p>\n\n\n\n<p>LENGUA DE SE\u00d1AS AVANZADO Martes de 14:30 a 16 hs Profesora: Julieta Angeloni<\/p>\n\n\n\n<p>LENGUA DE SE\u00d1AS INICIAL Martes de 16 a 17:30 hs Profesora: Julieta Angeloni<\/p>\n\n\n\n<p>MUSIJUEGOS Martes y jueves de 18 a 19 hs Profesora: Luciana Bustos<\/p>\n\n\n\n<p>Centro Comunitario \u2013 Din\u00e1micos<\/p>\n\n\n\n<p>FOLKLORE ADULTOS Lunes y jueves de 20 a 22 hs Profesora: Mirta Rodr\u00edguez<\/p>\n\n\n\n<p>BATER\u00cdA Martes de 20: a 22 hs Profesor: Marcos Giuli<\/p>\n\n\n\n<p>\u00c1RABE INFANTIL INICIAL Mi\u00e9rcoles y jueves de 18 a 19 hs Profesora: Aram\u00ed Romero<\/p>\n\n\n\n<p>\u00c1RABE JUVENIL\/ADULTOS INICIAL Mi\u00e9rcoles y jueves de 19 a 20 hs Profesora: Aram\u00ed Romero<\/p>\n\n\n\n<p>Centro Comunitario \u2013 Est\u00e1ticos<\/p>\n\n\n\n<p>PELUQUER\u00cdA Mi\u00e9rcoles de 16 a 18 hs Profesora: Aldana Gallo<\/p>\n\n\n\n<p>DISE\u00d1O DE INDUMENTARIA Lunes de 14 a 16, lunes de 16 a 18 y lunes de 18 a 20 hs Profesora: Ver\u00f3nica Howlin<\/p>\n\n\n\n<p>ALFARER\u00cdA Y CER\u00c1MICA Lunes de 14 a 16, lunes de 16 a 18, martes de 16 a 18 hs y martes de 18 a 20 hs Profesora: Cecilia Garc\u00eda<\/p>\n\n\n\n<p>PASTELER\u00cdA PARA EVENTOS Lunes de 14 a 17 hs Profesor: Daniel Juarez<\/p>\n\n\n\n<p>COCINERITOS Lunes de 17 a 18 hs Profesor: Daniel Juarez<\/p>\n\n\n\n<p>PANADER\u00cdA Martes de 15 a 17 hs Profesor: Daniel Juarez<\/p>\n\n\n\n<p>COCINA SALUDABLE Mi\u00e9rcoles de 14 a 16 hs Profesor: Daniel Juarez<\/p>\n\n\n\n<p>GALLETITAS Y ALFAJORES Jueves de 14 a 16 hs Profesor: Daniel Juarez<\/p>\n\n\n\n<p>La Palmira<\/p>\n\n\n\n<p>TELAR PRINCIPIANTES Martes de 13:30 a 15:30 Profesora: Debra Bargaz<\/p>\n\n\n\n<p>TELAR AVANZADO Viernes de 13:30 a 15:30 Profesora: Debra Bargaz<\/p>\n\n\n\n<p>MACRAM\u00c9 PRINCIPIANTES Lunes de 13:30 a 15:30 Profesora: Debra Bargaz<\/p>\n\n\n\n<p>MACRAM\u00c9 AVANZADOS Jueves de 13:30 a 15:30 Profesora: Debra Bargaz<\/p>\n\n\n\n<p>Biblioteca Popular Mariano Moreno<\/p>\n\n\n\n<p>TEATRO ADULTOS AVANZADO Lunes de 20 a 22 hs Profesora: Adriana Brescovic<\/p>\n\n\n\n<p>TEATRO ADULTOS INICIAL Mi\u00e9rcoles de 20 a 22 hs Profesora: Adriana Brescovich<\/p>\n\n\n\n<p>TEATRO ADOLESCENTES (DE 11 A\u00d1OS EN ADELANTE) Mi\u00e9rcoles de 18 a 19:30 hs<\/p>\n\n\n\n<p>Profesora: Ana Bel\u00e9n Rodr\u00edguez<\/p>\n\n\n\n<p>TEATRO NI\u00d1AS\/OS Jueves de 18:30 a 20 hs Profesor: Emiliano Aguirre<\/p>\n","protected":false},"excerpt":{"rendered":"<p>Esta vez la inscripci\u00f3n a los cursos de Bellas Artes ser\u00e1 en dos etapas muy sencillas. La primera es v\u00eda digital y luego presencial y comenzar\u00e1 el pr\u00f3ximo lunes 16 de marzo&#8230;.<\/p>\n","protected":false},"author":1,"featured_media":10149,"comment_status":"open","ping_status":"open","sticky":false,"template":"","format":"standard","meta":{"footnotes":""},"categories":[1],"tags":[],"class_list":["post-10148","post","type-post","status-publish","format-standard","has-post-thumbnail","hentry","category-sin-categoria"],"_links":{"self":[{"href":"https:\/\/emisoracolon.com.ar\/index.php\/wp-json\/wp\/v2\/posts\/10148","targetHints":{"allow":["GET"]}}],"collection":[{"href":"https:\/\/emisoracolon.com.ar\/index.php\/wp-json\/wp\/v2\/posts"}],"about":[{"href":"https:\/\/emisoracolon.com.ar\/index.php\/wp-json\/wp\/v2\/types\/post"}],"author":[{"embeddable":true,"href":"https:\/\/emisoracolon.com.ar\/index.php\/wp-json\/wp\/v2\/users\/1"}],"replies":[{"embeddable":true,"href":"https:\/\/emisoracolon.com.ar\/index.php\/wp-json\/wp\/v2\/comments?post=10148"}],"version-history":[{"count":1,"href":"https:\/\/emisoracolon.com.ar\/index.php\/wp-json\/wp\/v2\/posts\/10148\/revisions"}],"predecessor-version":[{"id":10150,"href":"https:\/\/emisoracolon.com.ar\/index.php\/wp-json\/wp\/v2\/posts\/10148\/revisions\/10150"}],"wp:featuredmedia":[{"embeddable":true,"href":"https:\/\/emisoracolon.com.ar\/index.php\/wp-json\/wp\/v2\/media\/10149"}],"wp:attachment":[{"href":"https:\/\/emisoracolon.com.ar\/index.php\/wp-json\/wp\/v2\/media?parent=10148"}],"wp:term":[{"taxonomy":"category","embeddable":true,"href":"https:\/\/emisoracolon.com.ar\/index.php\/wp-json\/wp\/v2\/categories?post=10148"},{"taxonomy":"post_tag","embeddable":true,"href":"https:\/\/emisoracolon.com.ar\/index.php\/wp-json\/wp\/v2\/tags?post=10148"}],"curies":[{"name":"wp","href":"https:\/\/api.w.org\/{rel}","templated":true}]}}