{"id":10146,"date":"2026-03-10T16:37:27","date_gmt":"2026-03-10T19:37:27","guid":{"rendered":"https:\/\/emisoracolon.com.ar\/?p=10146"},"modified":"2026-03-10T16:42:28","modified_gmt":"2026-03-10T19:42:28","slug":"por-una-planta","status":"publish","type":"post","link":"https:\/\/emisoracolon.com.ar\/index.php\/2026\/03\/10\/por-una-planta\/","title":{"rendered":"Por una planta"},"content":{"rendered":"\n<p>Ingresaron por el techo de una vivienda y robaron plantas de cannabis<\/p>\n\n\n\n<p>Un vecino domiciliado en calle 15 entre 48 y 49 denunci\u00f3 que dos personas, a quienes conoce, ingresaron al patio de su vivienda tras acceder por el techo de la misma. Una vez en el lugar, sustrajeron partes de plantas de cannabis sativa (marihuana).<\/p>\n\n\n\n<p>Seg\u00fan indic\u00f3 la v\u00edctima, antes de retirarse los sujetos lo agredieron arroj\u00e1ndole piedras provoc\u00e1ndole algunas lesiones.<\/p>\n\n\n\n<p>Posteriormente, personal policial que se encontraba recorriendo la zona fue interceptado en inmediaciones de calle 52 y 17 por un familiar de la v\u00edctima, quien manifest\u00f3 haber hallado la motocicleta en la que se movilizaba uno de los presuntos autores, junto con partes de plantas de cannabis sativa.<\/p>\n\n\n\n<p>Ante esta situaci\u00f3n, los efectivos procedieron al secuestro de la motocicleta marca Mirage y de las partes de la planta de cannabis sativa, quedando el hecho bajo investigaci\u00f3n para determinar responsabilidades.<\/p>\n","protected":false},"excerpt":{"rendered":"<p>Ingresaron por el techo de una vivienda y robaron plantas de cannabis Un vecino domiciliado en calle 15 entre 48 y 49 denunci\u00f3 que dos personas, a quienes conoce, ingresaron al patio&#8230;<\/p>\n","protected":false},"author":1,"featured_media":3974,"comment_status":"open","ping_status":"open","sticky":false,"template":"","format":"standard","meta":{"footnotes":""},"categories":[1],"tags":[],"class_list":["post-10146","post","type-post","status-publish","format-standard","has-post-thumbnail","hentry","category-sin-categoria"],"_links":{"self":[{"href":"https:\/\/emisoracolon.com.ar\/index.php\/wp-json\/wp\/v2\/posts\/10146","targetHints":{"allow":["GET"]}}],"collection":[{"href":"https:\/\/emisoracolon.com.ar\/index.php\/wp-json\/wp\/v2\/posts"}],"about":[{"href":"https:\/\/emisoracolon.com.ar\/index.php\/wp-json\/wp\/v2\/types\/post"}],"author":[{"embeddable":true,"href":"https:\/\/emisoracolon.com.ar\/index.php\/wp-json\/wp\/v2\/users\/1"}],"replies":[{"embeddable":true,"href":"https:\/\/emisoracolon.com.ar\/index.php\/wp-json\/wp\/v2\/comments?post=10146"}],"version-history":[{"count":1,"href":"https:\/\/emisoracolon.com.ar\/index.php\/wp-json\/wp\/v2\/posts\/10146\/revisions"}],"predecessor-version":[{"id":10147,"href":"https:\/\/emisoracolon.com.ar\/index.php\/wp-json\/wp\/v2\/posts\/10146\/revisions\/10147"}],"wp:featuredmedia":[{"embeddable":true,"href":"https:\/\/emisoracolon.com.ar\/index.php\/wp-json\/wp\/v2\/media\/3974"}],"wp:attachment":[{"href":"https:\/\/emisoracolon.com.ar\/index.php\/wp-json\/wp\/v2\/media?parent=10146"}],"wp:term":[{"taxonomy":"category","embeddable":true,"href":"https:\/\/emisoracolon.com.ar\/index.php\/wp-json\/wp\/v2\/categories?post=10146"},{"taxonomy":"post_tag","embeddable":true,"href":"https:\/\/emisoracolon.com.ar\/index.php\/wp-json\/wp\/v2\/tags?post=10146"}],"curies":[{"name":"wp","href":"https:\/\/api.w.org\/{rel}","templated":true}]}}