{"id":10086,"date":"2026-03-04T16:47:38","date_gmt":"2026-03-04T19:47:38","guid":{"rendered":"https:\/\/emisoracolon.com.ar\/?p=10086"},"modified":"2026-03-04T16:47:38","modified_gmt":"2026-03-04T19:47:38","slug":"sin-futbol-se-para-el-6-ligas","status":"publish","type":"post","link":"https:\/\/emisoracolon.com.ar\/index.php\/2026\/03\/04\/sin-futbol-se-para-el-6-ligas\/","title":{"rendered":"Sin f\u00fatbol, se para el 6 Ligas"},"content":{"rendered":"\n<p>La Asociaci\u00f3n del F\u00fatbol Argentino ratific\u00f3 ayer un paro de actividades. Por lo tanto, entre el jueves 5 y el domingo 8 de marzo no habr\u00e1 f\u00fatbol en todo el pa\u00eds.<\/p>\n\n\n\n<p>En efecto, si bien es cierto que los medios se ocupan de informar sobre el futbol de la Liga Nacional y la fecha en la que se disputar\u00e1 la 9a jornada que es la que correspond\u00eda disputar este fin de semana, debe quedar en claro que se para el f\u00fatbol en todo el pa\u00eds, por lo tanto, tambi\u00e9n se detiene el campeonato 6 Ligas en el que juegan los equipos de Col\u00f3n<\/p>\n","protected":false},"excerpt":{"rendered":"<p>La Asociaci\u00f3n del F\u00fatbol Argentino ratific\u00f3 ayer un paro de actividades. Por lo tanto, entre el jueves 5 y el domingo 8 de marzo no habr\u00e1 f\u00fatbol en todo el pa\u00eds. En&#8230;<\/p>\n","protected":false},"author":1,"featured_media":4738,"comment_status":"open","ping_status":"open","sticky":false,"template":"","format":"standard","meta":{"footnotes":""},"categories":[6],"tags":[],"class_list":["post-10086","post","type-post","status-publish","format-standard","has-post-thumbnail","hentry","category-deportes"],"_links":{"self":[{"href":"https:\/\/emisoracolon.com.ar\/index.php\/wp-json\/wp\/v2\/posts\/10086","targetHints":{"allow":["GET"]}}],"collection":[{"href":"https:\/\/emisoracolon.com.ar\/index.php\/wp-json\/wp\/v2\/posts"}],"about":[{"href":"https:\/\/emisoracolon.com.ar\/index.php\/wp-json\/wp\/v2\/types\/post"}],"author":[{"embeddable":true,"href":"https:\/\/emisoracolon.com.ar\/index.php\/wp-json\/wp\/v2\/users\/1"}],"replies":[{"embeddable":true,"href":"https:\/\/emisoracolon.com.ar\/index.php\/wp-json\/wp\/v2\/comments?post=10086"}],"version-history":[{"count":1,"href":"https:\/\/emisoracolon.com.ar\/index.php\/wp-json\/wp\/v2\/posts\/10086\/revisions"}],"predecessor-version":[{"id":10087,"href":"https:\/\/emisoracolon.com.ar\/index.php\/wp-json\/wp\/v2\/posts\/10086\/revisions\/10087"}],"wp:featuredmedia":[{"embeddable":true,"href":"https:\/\/emisoracolon.com.ar\/index.php\/wp-json\/wp\/v2\/media\/4738"}],"wp:attachment":[{"href":"https:\/\/emisoracolon.com.ar\/index.php\/wp-json\/wp\/v2\/media?parent=10086"}],"wp:term":[{"taxonomy":"category","embeddable":true,"href":"https:\/\/emisoracolon.com.ar\/index.php\/wp-json\/wp\/v2\/categories?post=10086"},{"taxonomy":"post_tag","embeddable":true,"href":"https:\/\/emisoracolon.com.ar\/index.php\/wp-json\/wp\/v2\/tags?post=10086"}],"curies":[{"name":"wp","href":"https:\/\/api.w.org\/{rel}","templated":true}]}}